{"id":51978,"date":"2020-08-08T10:39:43","date_gmt":"2020-08-08T15:39:43","guid":{"rendered":"http:\/\/globalnewsmexico.com\/sitio\/?p=51978"},"modified":"2020-08-08T10:39:56","modified_gmt":"2020-08-08T15:39:56","slug":"onda-tropical-25-mantendra-las-lluvias-en-varios-estados","status":"publish","type":"post","link":"https:\/\/globalnewsmexico.com\/sitio\/onda-tropical-25-mantendra-las-lluvias-en-varios-estados\/","title":{"rendered":"Onda tropical 25 mantendr\u00e1 las lluvias en varios estados"},"content":{"rendered":"\n<p>El Servicio Meteorol\u00f3gico Nacional inform\u00f3 que la onda tropical n\u00famero 25 continuar\u00e1 intensific\u00e1ndose al sur de\u00a0Guerrero, y generar\u00e1\u00a0lluvias\u00a0puntuales muy fuertes a intensas en el sur y occidente del pa\u00eds, as\u00ed como\u00a0puntuales torrenciales\u00a0en Guerrero y\u00a0Oaxaca.<\/p>\n\n\n\n<p>Por otra parte, canales de\u00a0baja presi\u00f3n\u00a0asociados con divergencia en la atm\u00f3sfera alta, el primero sobre el noroeste del pa\u00eds y el segundo a lo largo de la\u00a0Sierra Madre Oriental, originar\u00e1n chubascos y lluvias puntuales fuertes acompa\u00f1adas de\u00a0descargas el\u00e9ctricas, rachas de viento y posible\u00a0ca\u00edda de granizo\u00a0en el noroeste, noreste y centro del territorio nacional, incluyendo al\u00a0Valle de M\u00e9xico.<\/p>\n\n\n\n<p>Se prev\u00e9n lluvias puntuales torrenciales en Guerrero\u00a0y Oaxaca. Lluvias muy fuertes en Colima,\u00a0Michoac\u00e1n, Puebla,\u00a0Veracruz\u00a0y Chiapas. Lluvias fuertes en Nayarit, Jalisco y Morelos. Lluvias puntuales fuertes en San Luis Potos\u00ed,\u00a0Guanajuato, Quer\u00e9taro,\u00a0Hidalgo, Tlaxcala,\u00a0Estado de M\u00e9xico,\u00a0Ciudad de M\u00e9xico,\u00a0Tamaulipas\u00a0y Tabasco.<\/p>\n\n\n\n<p>Intervalos de chubascos en Sonora, Sinaloa,\u00a0Chihuahua, Durango,\u00a0Nuevo Le\u00f3n, Campeche, Yucat\u00e1n y\u00a0Quintana Roo. Y lluvias aisladas en Baja California,\u00a0Baja California Sur,\u00a0Coahuila, Zacatecas y\u00a0Aguascalientes.<\/p>\n","protected":false},"excerpt":{"rendered":"<p>El Servicio Meteorol\u00f3gico Nacional inform\u00f3 que la onda tropical n\u00famero 25 continuar\u00e1 intensific\u00e1ndose al sur de\u00a0Guerrero, y generar\u00e1\u00a0lluvias\u00a0puntuales muy fuertes a intensas en el sur y occidente del pa\u00eds, as\u00ed como\u00a0puntuales torrenciales\u00a0en Guerrero y\u00a0Oaxaca. Por otra parte, canales de\u00a0baja presi\u00f3n\u00a0asociados con divergencia en la atm\u00f3sfera alta, el primero sobre el noroeste del pa\u00eds y el<a class=\"read-more\" href=\"https:\/\/globalnewsmexico.com\/sitio\/onda-tropical-25-mantendra-las-lluvias-en-varios-estados\/\">Leer m\u00e1s<\/a><\/p>\n","protected":false},"author":5,"featured_media":50168,"comment_status":"closed","ping_status":"open","sticky":false,"template":"","format":"standard","meta":{"spay_email":"","footnotes":""},"categories":[37,8,49,52],"tags":[],"jetpack_featured_media_url":"https:\/\/i1.wp.com\/globalnewsmexico.com\/sitio\/wp-content\/uploads\/2020\/07\/lluvia-1.jpg?fit=1040%2C585&ssl=1","jetpack_sharing_enabled":true,"jetpack_shortlink":"https:\/\/wp.me\/p9yqPL-dwm","jetpack_likes_enabled":true,"_links":{"self":[{"href":"https:\/\/globalnewsmexico.com\/sitio\/wp-json\/wp\/v2\/posts\/51978"}],"collection":[{"href":"https:\/\/globalnewsmexico.com\/sitio\/wp-json\/wp\/v2\/posts"}],"about":[{"href":"https:\/\/globalnewsmexico.com\/sitio\/wp-json\/wp\/v2\/types\/post"}],"author":[{"embeddable":true,"href":"https:\/\/globalnewsmexico.com\/sitio\/wp-json\/wp\/v2\/users\/5"}],"replies":[{"embeddable":true,"href":"https:\/\/globalnewsmexico.com\/sitio\/wp-json\/wp\/v2\/comments?post=51978"}],"version-history":[{"count":0,"href":"https:\/\/globalnewsmexico.com\/sitio\/wp-json\/wp\/v2\/posts\/51978\/revisions"}],"wp:featuredmedia":[{"embeddable":true,"href":"https:\/\/globalnewsmexico.com\/sitio\/wp-json\/wp\/v2\/media\/50168"}],"wp:attachment":[{"href":"https:\/\/globalnewsmexico.com\/sitio\/wp-json\/wp\/v2\/media?parent=51978"}],"wp:term":[{"taxonomy":"category","embeddable":true,"href":"https:\/\/globalnewsmexico.com\/sitio\/wp-json\/wp\/v2\/categories?post=51978"},{"taxonomy":"post_tag","embeddable":true,"href":"https:\/\/globalnewsmexico.com\/sitio\/wp-json\/wp\/v2\/tags?post=51978"}],"curies":[{"name":"wp","href":"https:\/\/api.w.org\/{rel}","templated":true}]}}