{"id":51980,"date":"2020-08-08T10:50:22","date_gmt":"2020-08-08T15:50:22","guid":{"rendered":"http:\/\/globalnewsmexico.com\/sitio\/?p=51980"},"modified":"2020-08-08T10:50:27","modified_gmt":"2020-08-08T15:50:27","slug":"fallece-traumatologo-de-veracruz-por-covid-19","status":"publish","type":"post","link":"https:\/\/globalnewsmexico.com\/sitio\/fallece-traumatologo-de-veracruz-por-covid-19\/","title":{"rendered":"Fallece traumat\u00f3logo de Veracruz por Covid-19"},"content":{"rendered":"\n<p>A trav\u00e9s de redes sociales se ha dado a conocer el fallecimiento de Rafael Niaves Mart\u00edn, traumat\u00f3logo del Hospital General de Veracruz; de acuerdo con sus colegas, fue v\u00edctima del Covid-19.<\/p>\n\n\n\n<p>Amigos y conocidos del especialista lamentaron el fallecimiento y enviaron condolencias a sus familiares.<\/p>\n\n\n\n<p>Asimismo, la\u00a0Federaci\u00f3n Mexicana de Colegios de Ortopedia y Traumatolog\u00eda A.C. y el Colegio de M\u00e9dicos Cirujanos en Ortopedia y Traumatolog\u00eda del Estado de Veracruz, de los cuales era miembro, lamentaron\u00a0la p\u00e9rdida.<\/p>\n\n\n\n<p>Fuente: Xeu Noticias<\/p>\n","protected":false},"excerpt":{"rendered":"<p>A trav\u00e9s de redes sociales se ha dado a conocer el fallecimiento de Rafael Niaves Mart\u00edn, traumat\u00f3logo del Hospital General de Veracruz; de acuerdo con sus colegas, fue v\u00edctima del Covid-19. Amigos y conocidos del especialista lamentaron el fallecimiento y enviaron condolencias a sus familiares. Asimismo, la\u00a0Federaci\u00f3n Mexicana de Colegios de Ortopedia y Traumatolog\u00eda A.C.<a class=\"read-more\" href=\"https:\/\/globalnewsmexico.com\/sitio\/fallece-traumatologo-de-veracruz-por-covid-19\/\">Leer m\u00e1s<\/a><\/p>\n","protected":false},"author":5,"featured_media":51981,"comment_status":"closed","ping_status":"open","sticky":false,"template":"","format":"standard","meta":{"spay_email":"","footnotes":""},"categories":[37,8,50,52],"tags":[],"jetpack_featured_media_url":"https:\/\/i2.wp.com\/globalnewsmexico.com\/sitio\/wp-content\/uploads\/2020\/08\/1115261.jpg?fit=1024%2C673&ssl=1","jetpack_sharing_enabled":true,"jetpack_shortlink":"https:\/\/wp.me\/p9yqPL-dwo","jetpack_likes_enabled":true,"_links":{"self":[{"href":"https:\/\/globalnewsmexico.com\/sitio\/wp-json\/wp\/v2\/posts\/51980"}],"collection":[{"href":"https:\/\/globalnewsmexico.com\/sitio\/wp-json\/wp\/v2\/posts"}],"about":[{"href":"https:\/\/globalnewsmexico.com\/sitio\/wp-json\/wp\/v2\/types\/post"}],"author":[{"embeddable":true,"href":"https:\/\/globalnewsmexico.com\/sitio\/wp-json\/wp\/v2\/users\/5"}],"replies":[{"embeddable":true,"href":"https:\/\/globalnewsmexico.com\/sitio\/wp-json\/wp\/v2\/comments?post=51980"}],"version-history":[{"count":0,"href":"https:\/\/globalnewsmexico.com\/sitio\/wp-json\/wp\/v2\/posts\/51980\/revisions"}],"wp:featuredmedia":[{"embeddable":true,"href":"https:\/\/globalnewsmexico.com\/sitio\/wp-json\/wp\/v2\/media\/51981"}],"wp:attachment":[{"href":"https:\/\/globalnewsmexico.com\/sitio\/wp-json\/wp\/v2\/media?parent=51980"}],"wp:term":[{"taxonomy":"category","embeddable":true,"href":"https:\/\/globalnewsmexico.com\/sitio\/wp-json\/wp\/v2\/categories?post=51980"},{"taxonomy":"post_tag","embeddable":true,"href":"https:\/\/globalnewsmexico.com\/sitio\/wp-json\/wp\/v2\/tags?post=51980"}],"curies":[{"name":"wp","href":"https:\/\/api.w.org\/{rel}","templated":true}]}}