{"id":52026,"date":"2020-08-10T09:41:23","date_gmt":"2020-08-10T14:41:23","guid":{"rendered":"http:\/\/globalnewsmexico.com\/sitio\/?p=52026"},"modified":"2020-08-10T09:41:31","modified_gmt":"2020-08-10T14:41:31","slug":"con-caso-garcia-luna-hubo-un-narcoestado-amlo","status":"publish","type":"post","link":"https:\/\/globalnewsmexico.com\/sitio\/con-caso-garcia-luna-hubo-un-narcoestado-amlo\/","title":{"rendered":"Con caso Garc\u00eda Luna hubo un &#8216;narcoestado&#8217;: AMLO"},"content":{"rendered":"\n<p>El presidente Andr\u00e9s Manuel L\u00f3pez Obrador consider\u00f3 que con el juicio que se realiza contra\u00a0Genaro Garc\u00eda Luna, exsecretario de Seguridad P\u00fablica dura el sexenio de\u00a0Felipe Calder\u00f3n,\u00a0se puede hablar de que hubo un\u00a0narcoestado\u00a0en M\u00e9xico, pues dijo que \u00abestaba tomado el Gobierno y mandaba la delincuencia\u00bb.<\/p>\n\n\n\n<p>\u00abYo sinceramente en ese entonces pensaba que no era correcto clasificar de esa manera el Estado mexicano, pero luego con todo esto que est\u00e1 saliendo a relucir, pues s\u00ed se puede hablar de un narcoestado, porque estaba tomado el Gobierno\u00bb, coment\u00f3 en\u00a0La Ma\u00f1anera de hoy.<\/p>\n\n\n\n<p>L\u00f3pez Obrador enfatiz\u00f3 que tiene que haber \u00abuna l\u00ednea divisoria y una frontera entre autoridad y delincuencia\u00bb, para que ambas no se mezclen&nbsp; y as\u00ed \u00abno haya contubernio porque estamos desprotegidos todos y nos quedamos en indefensi\u00f3n\u00bb.<\/p>\n\n\n\n<p>El mandatario coment\u00f3 que \u00abes un asunto vergonzoso\u00bb que Genaro Garcpia Luna, como secretario de seguridad, \u00abprotegiera a una de las bandas del crimen como ha quedado de manifiesto\u00bb.<\/p>\n\n\n\n<p>\u00abImag\u00ednense en qu\u00e9 situaci\u00f3n estaba el pa\u00eds, lleg\u00f3 a hablarse de un narcoestado y en ese entonces pensaba que no era correcto clasificar de esa manera al Estado mexicano\u00bb, manifest\u00f3.<\/p>\n\n\n\n<p>El presidente mencion\u00f3 adem\u00e1s del caso de\u00a0Emilio Lozoya, exdirector de Pemex detenido por los casos\u00a0Agronitrogenados\u00a0y\u00a0Odebrecht, y coment\u00f3 que \u201cfue bueno por parte de la Fiscal\u00eda otorgarle el beneficio a este se\u00f1or; el beneficio ser testigo protegido porque permite que d\u00e9 a conocer como actor principal de toda esta rapi\u00f1a c\u00f3mo fue que se repartieron el pastel\u201d.<\/p>\n\n\n\n<p>Tanto el caso de Garc\u00eda Luna y el de Emilio Lozoya, dijo, \u201cson muy graves y cu\u00e1l es m\u00e1s grave cada quien debe revisarlo, era lo que se padec\u00eda, por un lado una gran corrupci\u00f3n y por otro lado los acuerdos con la delincuencia organizada, por eso se desat\u00f3 la inseguridad y la violencia entre otros factores\u00bb.<\/p>\n\n\n\n<p>\u00abEn los dos casos es la Fiscal\u00eda la que tiene que resolver, hasta donde se va a llegar. Mi opini\u00f3n es de que se conozca toda la verdad, porque es ense\u00f1anza porque es estigmatizar la corrupci\u00f3n que antes se ve\u00eda como algo normal y era el peor de los males, los que robaban ni siquiera perd\u00edan su respetabilidad\u00bb, expres\u00f3.\u00a0<\/p>\n\n\n\n<p>Fuente: Milenio<\/p>\n","protected":false},"excerpt":{"rendered":"<p>El presidente Andr\u00e9s Manuel L\u00f3pez Obrador consider\u00f3 que con el juicio que se realiza contra\u00a0Genaro Garc\u00eda Luna, exsecretario de Seguridad P\u00fablica dura el sexenio de\u00a0Felipe Calder\u00f3n,\u00a0se puede hablar de que hubo un\u00a0narcoestado\u00a0en M\u00e9xico, pues dijo que \u00abestaba tomado el Gobierno y mandaba la delincuencia\u00bb. \u00abYo sinceramente en ese entonces pensaba que no era correcto clasificar<a class=\"read-more\" href=\"https:\/\/globalnewsmexico.com\/sitio\/con-caso-garcia-luna-hubo-un-narcoestado-amlo\/\">Leer m\u00e1s<\/a><\/p>\n","protected":false},"author":5,"featured_media":52027,"comment_status":"closed","ping_status":"open","sticky":false,"template":"","format":"standard","meta":{"spay_email":"","footnotes":""},"categories":[37,8,40,52],"tags":[],"jetpack_featured_media_url":"https:\/\/i0.wp.com\/globalnewsmexico.com\/sitio\/wp-content\/uploads\/2020\/08\/genaro-garcia-luna-secretario-seguridad-3.jpg?fit=958%2C596&ssl=1","jetpack_sharing_enabled":true,"jetpack_shortlink":"https:\/\/wp.me\/p9yqPL-dx8","jetpack_likes_enabled":true,"_links":{"self":[{"href":"https:\/\/globalnewsmexico.com\/sitio\/wp-json\/wp\/v2\/posts\/52026"}],"collection":[{"href":"https:\/\/globalnewsmexico.com\/sitio\/wp-json\/wp\/v2\/posts"}],"about":[{"href":"https:\/\/globalnewsmexico.com\/sitio\/wp-json\/wp\/v2\/types\/post"}],"author":[{"embeddable":true,"href":"https:\/\/globalnewsmexico.com\/sitio\/wp-json\/wp\/v2\/users\/5"}],"replies":[{"embeddable":true,"href":"https:\/\/globalnewsmexico.com\/sitio\/wp-json\/wp\/v2\/comments?post=52026"}],"version-history":[{"count":0,"href":"https:\/\/globalnewsmexico.com\/sitio\/wp-json\/wp\/v2\/posts\/52026\/revisions"}],"wp:featuredmedia":[{"embeddable":true,"href":"https:\/\/globalnewsmexico.com\/sitio\/wp-json\/wp\/v2\/media\/52027"}],"wp:attachment":[{"href":"https:\/\/globalnewsmexico.com\/sitio\/wp-json\/wp\/v2\/media?parent=52026"}],"wp:term":[{"taxonomy":"category","embeddable":true,"href":"https:\/\/globalnewsmexico.com\/sitio\/wp-json\/wp\/v2\/categories?post=52026"},{"taxonomy":"post_tag","embeddable":true,"href":"https:\/\/globalnewsmexico.com\/sitio\/wp-json\/wp\/v2\/tags?post=52026"}],"curies":[{"name":"wp","href":"https:\/\/api.w.org\/{rel}","templated":true}]}}