{"id":52041,"date":"2020-08-10T11:15:16","date_gmt":"2020-08-10T16:15:16","guid":{"rendered":"http:\/\/globalnewsmexico.com\/sitio\/?p=52041"},"modified":"2020-08-10T11:15:20","modified_gmt":"2020-08-10T16:15:20","slug":"amlo-busca-revancha-politica-con-caso-emilio-lozoya-calderon","status":"publish","type":"post","link":"https:\/\/globalnewsmexico.com\/sitio\/amlo-busca-revancha-politica-con-caso-emilio-lozoya-calderon\/","title":{"rendered":"AMLO busca revancha pol\u00edtica con caso Emilio Lozoya: Calder\u00f3n"},"content":{"rendered":"\n<p>El expresidente Felipe Calder\u00f3n asegur\u00f3 que son \u201crid\u00edculas las afirmaciones de Proceso\u201d, medio que public\u00f3 esta semana que \u201c\u00e9l ide\u00f3 el contrato Etileno XXI para favorecer a Marcelo Odebrecht\u201d.<\/p>\n\n\n\n<p>En entrevista con Ciro G\u00f3mez Leyva, el exmandatario se\u00f1al\u00f3:<\/p>\n\n\n\n<p>\u201cEs totalmente absurdo eso. Yo s\u00ed fui un presidente que promovi\u00f3 la inversi\u00f3n en M\u00e9xico, nacional y extranjera. Los mayores vol\u00famenes de inversi\u00f3n se dieron en mi gobierno; particularmente en los \u00faltimos tres a\u00f1os, despu\u00e9s de la recesi\u00f3n econ\u00f3mica, fue cuando M\u00e9xico registr\u00f3 la mayor tasa de crecimiento econ\u00f3mico, que han tenido en lo que va del siglo\u201d.<\/p>\n\n\n\n<p>Seg\u00fan dijo Calder\u00f3n Hinojosa, el proyecto Etileno XXI no es una creaci\u00f3n suya, sino que \u201cven\u00eda desde el tiempo de Vicente Fox, que Ra\u00fal Mu\u00f1oz Leos, exdirector de Pemex, lo hab\u00eda bautizado como el proyecto F\u00e9nix\u201d.<\/p>\n\n\n\n<p>Explic\u00f3 que \u201clo que se buscaba era reactivar la industria petroqu\u00edmica, porque estaba pr\u00e1cticamente muerta, sin que Pemex metiera dinero del propio Pemex a las petroqu\u00edmicas, sino que hubiera inversi\u00f3n de capital privado\u201d.<\/p>\n\n\n\n<p>Felipe Calder\u00f3n apunt\u00f3 que, quien est\u00e1 directamente involucrado en el esc\u00e1ndalo de Odebrecht es el exdirector de Pemex, Emilio Lozoya, en el gobierno de Enrique Pe\u00f1a Nieto; sin embargo, \u00e9l est\u00e1 libre.<\/p>\n\n\n\n<p>\u201cLo que est\u00e1 haciendo el gobierno de (Andr\u00e9s Manuel)&nbsp;L\u00f3pez Obrador, es utilizar este caso (Odebrecht-Lozoya), no para hacer justicia, no para castigar la corrupci\u00f3n, sino para utilizarla, con mentiras, con prop\u00f3sitos de persecuci\u00f3n pol\u00edtica a sus adversarios. Lo que est\u00e1 en juego, es una estrategia medi\u00e1tica de campa\u00f1a, que est\u00e1 marcando venganzas pol\u00edticas desde el gobierno\u201d, expres\u00f3 el ex titular del Ejecutivo federal.<\/p>\n\n\n\n<p>El expanista dijo que el presidente Andr\u00e9s Manuel L\u00f3pez Obrador busca la revancha pol\u00edtica y quiere debilitar a los partidos pol\u00edticos enemigos; sin embargo, \u201cnos van a hacer los mandados\u201d<\/p>\n\n\n\n<p>\u201cNos van a hacer los mandados, porque estamos muchos mexicanos hasta el gorro de este gobierno, que no quiere que hablemos del desastre econ\u00f3mico que est\u00e1n haciendo con el pa\u00eds, que no quiere que hablemos de un presidente que no tiene la decencia de usar tapabocas por respeto a los mexicanos; y quiere que estemos hablando de especulaciones a la prensa, porque quieren debilitar a los enemigos pol\u00edticos del gobierno\u201d, dijo.<\/p>\n\n\n\n<p>Agreg\u00f3 que \u201cni tienen raz\u00f3n, no nos vamos a dejar (\u2026) Es una maquinaci\u00f3n&nbsp; medi\u00e1tica para estar da\u00f1ando, o pretender da\u00f1ar, a quienes vamos a competir a L\u00f3pez Obrador y le vamos a gana a Morena en las elecciones de 2021\u201d.<\/p>\n\n\n\n<p>Ante lo se\u00f1alado en Proceso, Felipe Calder\u00f3n dijo no tener miedo, sino estar muy molesto.<\/p>\n\n\n\n<p>Fuente: Xeu Noticias<\/p>\n","protected":false},"excerpt":{"rendered":"<p>El expresidente Felipe Calder\u00f3n asegur\u00f3 que son \u201crid\u00edculas las afirmaciones de Proceso\u201d, medio que public\u00f3 esta semana que \u201c\u00e9l ide\u00f3 el contrato Etileno XXI para favorecer a Marcelo Odebrecht\u201d. En entrevista con Ciro G\u00f3mez Leyva, el exmandatario se\u00f1al\u00f3: \u201cEs totalmente absurdo eso. Yo s\u00ed fui un presidente que promovi\u00f3 la inversi\u00f3n en M\u00e9xico, nacional y<a class=\"read-more\" href=\"https:\/\/globalnewsmexico.com\/sitio\/amlo-busca-revancha-politica-con-caso-emilio-lozoya-calderon\/\">Leer m\u00e1s<\/a><\/p>\n","protected":false},"author":5,"featured_media":52042,"comment_status":"closed","ping_status":"open","sticky":false,"template":"","format":"standard","meta":{"spay_email":"","footnotes":""},"categories":[37,8,40,52],"tags":[],"jetpack_featured_media_url":"https:\/\/i1.wp.com\/globalnewsmexico.com\/sitio\/wp-content\/uploads\/2020\/08\/1115523.jpg?fit=1024%2C683&ssl=1","jetpack_sharing_enabled":true,"jetpack_shortlink":"https:\/\/wp.me\/p9yqPL-dxn","jetpack_likes_enabled":true,"_links":{"self":[{"href":"https:\/\/globalnewsmexico.com\/sitio\/wp-json\/wp\/v2\/posts\/52041"}],"collection":[{"href":"https:\/\/globalnewsmexico.com\/sitio\/wp-json\/wp\/v2\/posts"}],"about":[{"href":"https:\/\/globalnewsmexico.com\/sitio\/wp-json\/wp\/v2\/types\/post"}],"author":[{"embeddable":true,"href":"https:\/\/globalnewsmexico.com\/sitio\/wp-json\/wp\/v2\/users\/5"}],"replies":[{"embeddable":true,"href":"https:\/\/globalnewsmexico.com\/sitio\/wp-json\/wp\/v2\/comments?post=52041"}],"version-history":[{"count":0,"href":"https:\/\/globalnewsmexico.com\/sitio\/wp-json\/wp\/v2\/posts\/52041\/revisions"}],"wp:featuredmedia":[{"embeddable":true,"href":"https:\/\/globalnewsmexico.com\/sitio\/wp-json\/wp\/v2\/media\/52042"}],"wp:attachment":[{"href":"https:\/\/globalnewsmexico.com\/sitio\/wp-json\/wp\/v2\/media?parent=52041"}],"wp:term":[{"taxonomy":"category","embeddable":true,"href":"https:\/\/globalnewsmexico.com\/sitio\/wp-json\/wp\/v2\/categories?post=52041"},{"taxonomy":"post_tag","embeddable":true,"href":"https:\/\/globalnewsmexico.com\/sitio\/wp-json\/wp\/v2\/tags?post=52041"}],"curies":[{"name":"wp","href":"https:\/\/api.w.org\/{rel}","templated":true}]}}