{"id":52146,"date":"2020-08-11T20:08:46","date_gmt":"2020-08-12T01:08:46","guid":{"rendered":"http:\/\/globalnewsmexico.com\/sitio\/?p=52146"},"modified":"2020-08-11T20:08:49","modified_gmt":"2020-08-12T01:08:49","slug":"por-coronavirus-mexico-pasara-de-34-a-66-millones-de-pobres-bid","status":"publish","type":"post","link":"https:\/\/globalnewsmexico.com\/sitio\/por-coronavirus-mexico-pasara-de-34-a-66-millones-de-pobres-bid\/","title":{"rendered":"Por coronavirus, M\u00e9xico pasar\u00e1 de 34 a 66 millones de pobres: BID"},"content":{"rendered":"\n<p>El\u00a0Banco Interamericano de Desarrollo\u00a0(BID) advirti\u00f3 que la crisis del\u00a0coronavirus Covid-19 tendr\u00e1 en M\u00e9xico un impacto social muy fuerte, con un empobrecimiento importante de las clases medias, especialmente de los segmentos m\u00e1s vulnerables, que llevar\u00e1 a que el n\u00famero de pobres pase de 34 a 66 millones,\u00a0con una ca\u00edda importante del empleo.<\/p>\n\n\n\n<p>De acuerdo con el estudio &#8216;ALC post Covid-19, retos y oportunidades&#8217;, el BID estima una ca\u00edda de 4.1 por ciento de empleos formales, si la pandemia da lugar a una crisis de corto plazo, y hasta 14.4 por ciento en caso de que ocurra una\u00a0recesi\u00f3n prolongada.<\/p>\n\n\n\n<p>El organismo explic\u00f3 que la capacidad de recuperaci\u00f3n de la econom\u00eda determinar\u00e1 la velocidad con la que se normalicen en el futuro las dimensiones clave del mercado de trabajo, pero se asume que llevar\u00e1 mucho tiempo.\u00a0Como referencia, indic\u00f3, en la crisis global de 2008-2009 la tasa de desempleo tard\u00f3 hasta el 2016 en volver al nivel que ten\u00eda antes de la crisis, y muchas variables de calidad del empleo\u00a0mucho m\u00e1s que eso.<\/p>\n\n\n\n<p>A\u00f1adi\u00f3 que los nuevos pobres y nuevos desempleados cuentan con una limitada red de contenci\u00f3n, pues la pol\u00edtica econ\u00f3mica ha protegido, pero no expandido los instrumentos que la componen, pese a que han circulado propuestas de la academia, organizaciones no gubernamentales y del sector privado para extender una red por una serie de canales, entre los que se incluyen: nuevos programas de transferencias, diferimientos impositivos para firmas y cobertura parcial al pago de salarios y de costos salariales, e implementaci\u00f3n de seguros de desempleo.<\/p>\n\n\n\n<p>El\u00a0BID\u00a0apunt\u00f3 que la mayor parte de las medidas de pol\u00edtica de apoyo a empleo y empresas ser\u00e1 a trav\u00e9s de pr\u00e9stamos, esto dar\u00e1 algo de resiliencia para esas empresas, y un poco de protecci\u00f3n a los ingresos de sus due\u00f1os y empleados, aunque los cr\u00e9ditos para las empresas formales son para aquellas que no hab\u00edan reducido su n\u00famero de empleos formales hasta abril, pero no est\u00e1n condicionados a la preservaci\u00f3n del empleo en los\u00a0meses posteriores.<\/p>\n\n\n\n<p>Fuente: Milenio<\/p>\n","protected":false},"excerpt":{"rendered":"<p>El\u00a0Banco Interamericano de Desarrollo\u00a0(BID) advirti\u00f3 que la crisis del\u00a0coronavirus Covid-19 tendr\u00e1 en M\u00e9xico un impacto social muy fuerte, con un empobrecimiento importante de las clases medias, especialmente de los segmentos m\u00e1s vulnerables, que llevar\u00e1 a que el n\u00famero de pobres pase de 34 a 66 millones,\u00a0con una ca\u00edda importante del empleo. De acuerdo con el<a class=\"read-more\" href=\"https:\/\/globalnewsmexico.com\/sitio\/por-coronavirus-mexico-pasara-de-34-a-66-millones-de-pobres-bid\/\">Leer m\u00e1s<\/a><\/p>\n","protected":false},"author":5,"featured_media":52147,"comment_status":"closed","ping_status":"open","sticky":false,"template":"","format":"standard","meta":{"spay_email":"","footnotes":""},"categories":[37,8,39,52],"tags":[],"jetpack_featured_media_url":"https:\/\/i1.wp.com\/globalnewsmexico.com\/sitio\/wp-content\/uploads\/2020\/08\/coneval-millones-personas-salieron-pobreza_0_0_687_427.jpeg?fit=958%2C596&ssl=1","jetpack_sharing_enabled":true,"jetpack_shortlink":"https:\/\/wp.me\/p9yqPL-dz4","jetpack_likes_enabled":true,"_links":{"self":[{"href":"https:\/\/globalnewsmexico.com\/sitio\/wp-json\/wp\/v2\/posts\/52146"}],"collection":[{"href":"https:\/\/globalnewsmexico.com\/sitio\/wp-json\/wp\/v2\/posts"}],"about":[{"href":"https:\/\/globalnewsmexico.com\/sitio\/wp-json\/wp\/v2\/types\/post"}],"author":[{"embeddable":true,"href":"https:\/\/globalnewsmexico.com\/sitio\/wp-json\/wp\/v2\/users\/5"}],"replies":[{"embeddable":true,"href":"https:\/\/globalnewsmexico.com\/sitio\/wp-json\/wp\/v2\/comments?post=52146"}],"version-history":[{"count":0,"href":"https:\/\/globalnewsmexico.com\/sitio\/wp-json\/wp\/v2\/posts\/52146\/revisions"}],"wp:featuredmedia":[{"embeddable":true,"href":"https:\/\/globalnewsmexico.com\/sitio\/wp-json\/wp\/v2\/media\/52147"}],"wp:attachment":[{"href":"https:\/\/globalnewsmexico.com\/sitio\/wp-json\/wp\/v2\/media?parent=52146"}],"wp:term":[{"taxonomy":"category","embeddable":true,"href":"https:\/\/globalnewsmexico.com\/sitio\/wp-json\/wp\/v2\/categories?post=52146"},{"taxonomy":"post_tag","embeddable":true,"href":"https:\/\/globalnewsmexico.com\/sitio\/wp-json\/wp\/v2\/tags?post=52146"}],"curies":[{"name":"wp","href":"https:\/\/api.w.org\/{rel}","templated":true}]}}