{"id":52164,"date":"2020-08-12T11:26:55","date_gmt":"2020-08-12T16:26:55","guid":{"rendered":"http:\/\/globalnewsmexico.com\/sitio\/?p=52164"},"modified":"2020-08-12T11:26:59","modified_gmt":"2020-08-12T16:26:59","slug":"garcia-luna-era-el-dedo-chiquito-de-calderon-amlo","status":"publish","type":"post","link":"https:\/\/globalnewsmexico.com\/sitio\/garcia-luna-era-el-dedo-chiquito-de-calderon-amlo\/","title":{"rendered":"Garc\u00eda Luna era \u00abel dedo chiquito\u00bb de Calder\u00f3n: AMLO"},"content":{"rendered":"\n<p>El presidente\u00a0Andr\u00e9s Manuel L\u00f3pez Obrador\u00a0insisti\u00f3 en que en M\u00e9xico se vivi\u00f3 un narcoestado debido a que\u00a0Genaro Garc\u00eda Luna, quien ten\u00eda una presunta relaci\u00f3n con el c\u00e1rtel de Sinaloa, era \u00abel dedo chiquito\u00bb de\u00a0Felipe Calder\u00f3n.<\/p>\n\n\n\n<p>El mandatario dijo que\u00a0calificar de narcoestado al sexenio del panista\u00a0fue un comentario espont\u00e1neo, porque a las conferencias no llega con un gui\u00f3n, sino que \u00abvengo a hablarles de manera sincera, decirles lo que siento\u00bb.<\/p>\n\n\n\n<p>\u00abYo no cre\u00eda en eso, no le daba entrada, pensaba est\u00e1n volando, es desproporcionado, no es as\u00ed, son ineptos, corruptos, no quieren al pueblo, pero narcoestado ya son palabras mayores, pero antier me sali\u00f3, es decir, por qu\u00e9 no si el que estaba a cargo de la seguridad al final le serv\u00eda a una de las bandas; es como si uno de estos jefes hubiese estado de vicepresidente de la Rep\u00fablica; porque\u00a0ese se\u00f1or que est\u00e1 detenido en Estados Unidos era el dedo chiquito de Felipe Calder\u00f3n\u00bb, coment\u00f3.<\/p>\n\n\n\n<p>En\u00a0La Ma\u00f1anera\u00a0desde Palacio Nacional, afirm\u00f3 que despu\u00e9s de reflexionar sus dichos, record\u00f3 c\u00f3mo \u00abajusticiaron\u00bb a Arturo Beltr\u00e1n Leyva en Morelos, dejando billetes en su cad\u00e1ver, lo que calific\u00f3 como \u00abtodo un montaje, qu\u00e9 es eso, eso no es un asunto normal\u00bb.<\/p>\n\n\n\n<p>\u00abY luego la relaci\u00f3n tambi\u00e9n con el Gobierno de Estados Unidos, esto de la entrada de las armas, es un acuerdo secreto, violando nuestra soberan\u00eda, adem\u00e1s con esas armas se asesina a mexicanos, incluso extranjeros. Adem\u00e1s, c\u00f3mo un secretario de seguridad,\u00a0un polic\u00eda llega a tener departamentos en el extranjero en Miami, por qu\u00e9 ese estilo de vida, una gran descomposici\u00f3n\u00bb, remarc\u00f3.<\/p>\n\n\n\n<p>Finalmente, asegur\u00f3 que pueden decir que est\u00e1 chocheando, pero \u00e9l se siente \u00abexacto, como dicen en mi pueblo\u00bb.<\/p>\n\n\n\n<p>\u00abYo recuerdo que entonces dec\u00eda Calder\u00f3n ah\u00ed anda L\u00f3pez Obrador visitando los pueblos; ahora acaba de decir que no ando bien de mis cabales, en ese entonces insinuaba eso porque le pasaban el reporte diario y yo haciendo mi trabajo, predicando para cambiar esto. S\u00ed soy mayor, pueden decir que estoy chocheando, pero estoy exacto, como dicen en mi pueblo\u00bb, agreg\u00f3.<\/p>\n\n\n\n<p>Fuente: Milenio<\/p>\n","protected":false},"excerpt":{"rendered":"<p>El presidente\u00a0Andr\u00e9s Manuel L\u00f3pez Obrador\u00a0insisti\u00f3 en que en M\u00e9xico se vivi\u00f3 un narcoestado debido a que\u00a0Genaro Garc\u00eda Luna, quien ten\u00eda una presunta relaci\u00f3n con el c\u00e1rtel de Sinaloa, era \u00abel dedo chiquito\u00bb de\u00a0Felipe Calder\u00f3n. El mandatario dijo que\u00a0calificar de narcoestado al sexenio del panista\u00a0fue un comentario espont\u00e1neo, porque a las conferencias no llega con un<a class=\"read-more\" href=\"https:\/\/globalnewsmexico.com\/sitio\/garcia-luna-era-el-dedo-chiquito-de-calderon-amlo\/\">Leer m\u00e1s<\/a><\/p>\n","protected":false},"author":5,"featured_media":52165,"comment_status":"closed","ping_status":"open","sticky":false,"template":"","format":"standard","meta":{"spay_email":"","footnotes":""},"categories":[37,8,40,52],"tags":[],"jetpack_featured_media_url":"https:\/\/i0.wp.com\/globalnewsmexico.com\/sitio\/wp-content\/uploads\/2020\/08\/presidente-andres-manuel-lopez-obrador-481.jpg?fit=958%2C596&ssl=1","jetpack_sharing_enabled":true,"jetpack_shortlink":"https:\/\/wp.me\/p9yqPL-dzm","jetpack_likes_enabled":true,"_links":{"self":[{"href":"https:\/\/globalnewsmexico.com\/sitio\/wp-json\/wp\/v2\/posts\/52164"}],"collection":[{"href":"https:\/\/globalnewsmexico.com\/sitio\/wp-json\/wp\/v2\/posts"}],"about":[{"href":"https:\/\/globalnewsmexico.com\/sitio\/wp-json\/wp\/v2\/types\/post"}],"author":[{"embeddable":true,"href":"https:\/\/globalnewsmexico.com\/sitio\/wp-json\/wp\/v2\/users\/5"}],"replies":[{"embeddable":true,"href":"https:\/\/globalnewsmexico.com\/sitio\/wp-json\/wp\/v2\/comments?post=52164"}],"version-history":[{"count":0,"href":"https:\/\/globalnewsmexico.com\/sitio\/wp-json\/wp\/v2\/posts\/52164\/revisions"}],"wp:featuredmedia":[{"embeddable":true,"href":"https:\/\/globalnewsmexico.com\/sitio\/wp-json\/wp\/v2\/media\/52165"}],"wp:attachment":[{"href":"https:\/\/globalnewsmexico.com\/sitio\/wp-json\/wp\/v2\/media?parent=52164"}],"wp:term":[{"taxonomy":"category","embeddable":true,"href":"https:\/\/globalnewsmexico.com\/sitio\/wp-json\/wp\/v2\/categories?post=52164"},{"taxonomy":"post_tag","embeddable":true,"href":"https:\/\/globalnewsmexico.com\/sitio\/wp-json\/wp\/v2\/tags?post=52164"}],"curies":[{"name":"wp","href":"https:\/\/api.w.org\/{rel}","templated":true}]}}