{"id":52171,"date":"2020-08-12T11:51:07","date_gmt":"2020-08-12T16:51:07","guid":{"rendered":"http:\/\/globalnewsmexico.com\/sitio\/?p=52171"},"modified":"2020-08-12T11:51:12","modified_gmt":"2020-08-12T16:51:12","slug":"en-agosto-se-han-recuperado-30-mil-empleos-afirma-amlo","status":"publish","type":"post","link":"https:\/\/globalnewsmexico.com\/sitio\/en-agosto-se-han-recuperado-30-mil-empleos-afirma-amlo\/","title":{"rendered":"En agosto se han recuperado 30 mil empleos, afirma AMLO"},"content":{"rendered":"\n<p>Tan solo en lo que va de agosto, se han recuperado\u00a030 mil empleos en el pa\u00eds, asegur\u00f3 el presidente\u00a0Andr\u00e9s Manuel L\u00f3pez Obrador.<\/p>\n\n\n\n<p>\u201cHasta ayer ten\u00eda el dato de 30 mil nuevos empleos o recontratados. Les recuerdo que perdimos empleos en abril, mayo, junio, en julio ya poquito 3 mil, pero ya llevamos en lo que va agosto 30 mil no perdidos, sino recontratados por nuevos empleos, entonces la econom\u00eda est\u00e1 respondiendo bien. Nos va a llevar tiempo, pero vamos de salida\u201d, dijo.<\/p>\n\n\n\n<p>En conferencia de prensa ma\u00f1anera desde Palacio Nacional, el presidente se\u00f1al\u00f3 que \u00aben la cuesti\u00f3n econom\u00eda est\u00e1 acredit\u00e1ndose con hechos lo que planteamos, lo que iba a ser una ca\u00edda en &#8216;V&#8217; y que \u00edbamos salir adelante r\u00e1pido y as\u00ed est\u00e1\u00bb.<\/p>\n\n\n\n<p>Indic\u00f3 que ya puede \u00abadelantar que en\u00a0agosto\u00a0ya no estamos perdiendo empleos, al contrario, se est\u00e1n recontratando a trabajadores\u201d.<\/p>\n\n\n\n<p>Fuente: Xeu Noticias<\/p>\n","protected":false},"excerpt":{"rendered":"<p>Tan solo en lo que va de agosto, se han recuperado\u00a030 mil empleos en el pa\u00eds, asegur\u00f3 el presidente\u00a0Andr\u00e9s Manuel L\u00f3pez Obrador. \u201cHasta ayer ten\u00eda el dato de 30 mil nuevos empleos o recontratados. Les recuerdo que perdimos empleos en abril, mayo, junio, en julio ya poquito 3 mil, pero ya llevamos en lo que<a class=\"read-more\" href=\"https:\/\/globalnewsmexico.com\/sitio\/en-agosto-se-han-recuperado-30-mil-empleos-afirma-amlo\/\">Leer m\u00e1s<\/a><\/p>\n","protected":false},"author":5,"featured_media":52172,"comment_status":"closed","ping_status":"open","sticky":false,"template":"","format":"standard","meta":{"spay_email":"","footnotes":""},"categories":[37,8,39,52],"tags":[],"jetpack_featured_media_url":"https:\/\/i2.wp.com\/globalnewsmexico.com\/sitio\/wp-content\/uploads\/2020\/08\/WP_20150911_11_08_43_Pro.jpg?fit=1040%2C630&ssl=1","jetpack_sharing_enabled":true,"jetpack_shortlink":"https:\/\/wp.me\/p9yqPL-dzt","jetpack_likes_enabled":true,"_links":{"self":[{"href":"https:\/\/globalnewsmexico.com\/sitio\/wp-json\/wp\/v2\/posts\/52171"}],"collection":[{"href":"https:\/\/globalnewsmexico.com\/sitio\/wp-json\/wp\/v2\/posts"}],"about":[{"href":"https:\/\/globalnewsmexico.com\/sitio\/wp-json\/wp\/v2\/types\/post"}],"author":[{"embeddable":true,"href":"https:\/\/globalnewsmexico.com\/sitio\/wp-json\/wp\/v2\/users\/5"}],"replies":[{"embeddable":true,"href":"https:\/\/globalnewsmexico.com\/sitio\/wp-json\/wp\/v2\/comments?post=52171"}],"version-history":[{"count":0,"href":"https:\/\/globalnewsmexico.com\/sitio\/wp-json\/wp\/v2\/posts\/52171\/revisions"}],"wp:featuredmedia":[{"embeddable":true,"href":"https:\/\/globalnewsmexico.com\/sitio\/wp-json\/wp\/v2\/media\/52172"}],"wp:attachment":[{"href":"https:\/\/globalnewsmexico.com\/sitio\/wp-json\/wp\/v2\/media?parent=52171"}],"wp:term":[{"taxonomy":"category","embeddable":true,"href":"https:\/\/globalnewsmexico.com\/sitio\/wp-json\/wp\/v2\/categories?post=52171"},{"taxonomy":"post_tag","embeddable":true,"href":"https:\/\/globalnewsmexico.com\/sitio\/wp-json\/wp\/v2\/tags?post=52171"}],"curies":[{"name":"wp","href":"https:\/\/api.w.org\/{rel}","templated":true}]}}