{"id":52175,"date":"2020-08-12T12:15:35","date_gmt":"2020-08-12T17:15:35","guid":{"rendered":"http:\/\/globalnewsmexico.com\/sitio\/?p=52175"},"modified":"2020-08-12T12:15:40","modified_gmt":"2020-08-12T17:15:40","slug":"amlo-se-reune-con-padres-de-los-43-normalistas-de-ayotzinapa-2","status":"publish","type":"post","link":"https:\/\/globalnewsmexico.com\/sitio\/amlo-se-reune-con-padres-de-los-43-normalistas-de-ayotzinapa-2\/","title":{"rendered":"AMLO se re\u00fane con padres de los 43 normalistas de Ayotzinapa"},"content":{"rendered":"\n<p>El presidente\u00a0Andr\u00e9s Manuel L\u00f3pez Obrador\u00a0recibi\u00f3 en el Sal\u00f3n de la Tesorer\u00eda de Palacio Nacional, a los padres de los\u00a043 normalistas de Ayotzinapa\u00a0desaparecidos.\u00a0<\/p>\n\n\n\n<p>El\u00a026 de septiembre se cumplen seis a\u00f1os\u00a0de que 43 estudiantes de la Escuela Normal Rural de Ayotzinapa desaparecieron, luego de un enfrentamiento contra polic\u00edas municipales, tras tomar camiones para acudir a la marcha del 2 de octubre.\u00a0<\/p>\n\n\n\n<p>En la reuni\u00f3n pasada del 7 de julio, los\u00a0familiares se dijeron satisfechos por los detalles que el presidente L\u00f3pez Obrador les proporcion\u00f3 sobre la investigaci\u00f3n, en donde\u00a0Melit\u00f3n Ortega, vocero de los padres, afirm\u00f3 que hay avances importantes en el caso y que la identificaci\u00f3n de Christian Alfonso Rodr\u00edguez es un parteaguas para una nueva investigaci\u00f3n y conocer as\u00ed el paradero de los estudiantes.<\/p>\n\n\n\n<p>La Fiscal\u00eda General de la Rep\u00fablica (FGR) anunci\u00f3 la identificaci\u00f3n de\u00a0Christian Alfonso Rodr\u00edguez\u00a0por especialistas en Innsbruck. El hallazgo se realiz\u00f3 en noviembre durante una diligencia realizada a unos metros de una barranca conocida como La Carnicer\u00eda, cerca del\u00a0basurero de Cocula, en Guerrero.<\/p>\n\n\n\n<p>Fuente: Milenio<\/p>\n","protected":false},"excerpt":{"rendered":"<p>El presidente\u00a0Andr\u00e9s Manuel L\u00f3pez Obrador\u00a0recibi\u00f3 en el Sal\u00f3n de la Tesorer\u00eda de Palacio Nacional, a los padres de los\u00a043 normalistas de Ayotzinapa\u00a0desaparecidos.\u00a0 El\u00a026 de septiembre se cumplen seis a\u00f1os\u00a0de que 43 estudiantes de la Escuela Normal Rural de Ayotzinapa desaparecieron, luego de un enfrentamiento contra polic\u00edas municipales, tras tomar camiones para acudir a la marcha<a class=\"read-more\" href=\"https:\/\/globalnewsmexico.com\/sitio\/amlo-se-reune-con-padres-de-los-43-normalistas-de-ayotzinapa-2\/\">Leer m\u00e1s<\/a><\/p>\n","protected":false},"author":5,"featured_media":52176,"comment_status":"closed","ping_status":"open","sticky":false,"template":"","format":"standard","meta":{"spay_email":"","footnotes":""},"categories":[37,8,49,52],"tags":[],"jetpack_featured_media_url":"https:\/\/i0.wp.com\/globalnewsmexico.com\/sitio\/wp-content\/uploads\/2020\/08\/padres-normalistas-ayotzinapa-llegan-palacio.jpg?fit=958%2C596&ssl=1","jetpack_sharing_enabled":true,"jetpack_shortlink":"https:\/\/wp.me\/p9yqPL-dzx","jetpack_likes_enabled":true,"_links":{"self":[{"href":"https:\/\/globalnewsmexico.com\/sitio\/wp-json\/wp\/v2\/posts\/52175"}],"collection":[{"href":"https:\/\/globalnewsmexico.com\/sitio\/wp-json\/wp\/v2\/posts"}],"about":[{"href":"https:\/\/globalnewsmexico.com\/sitio\/wp-json\/wp\/v2\/types\/post"}],"author":[{"embeddable":true,"href":"https:\/\/globalnewsmexico.com\/sitio\/wp-json\/wp\/v2\/users\/5"}],"replies":[{"embeddable":true,"href":"https:\/\/globalnewsmexico.com\/sitio\/wp-json\/wp\/v2\/comments?post=52175"}],"version-history":[{"count":0,"href":"https:\/\/globalnewsmexico.com\/sitio\/wp-json\/wp\/v2\/posts\/52175\/revisions"}],"wp:featuredmedia":[{"embeddable":true,"href":"https:\/\/globalnewsmexico.com\/sitio\/wp-json\/wp\/v2\/media\/52176"}],"wp:attachment":[{"href":"https:\/\/globalnewsmexico.com\/sitio\/wp-json\/wp\/v2\/media?parent=52175"}],"wp:term":[{"taxonomy":"category","embeddable":true,"href":"https:\/\/globalnewsmexico.com\/sitio\/wp-json\/wp\/v2\/categories?post=52175"},{"taxonomy":"post_tag","embeddable":true,"href":"https:\/\/globalnewsmexico.com\/sitio\/wp-json\/wp\/v2\/tags?post=52175"}],"curies":[{"name":"wp","href":"https:\/\/api.w.org\/{rel}","templated":true}]}}