{"id":52191,"date":"2020-08-12T16:32:44","date_gmt":"2020-08-12T21:32:44","guid":{"rendered":"http:\/\/globalnewsmexico.com\/sitio\/?p=52191"},"modified":"2020-08-12T16:32:47","modified_gmt":"2020-08-12T21:32:47","slug":"inundaciones-afectan-173-viviendas-en-jesus-carranza-veracruz","status":"publish","type":"post","link":"https:\/\/globalnewsmexico.com\/sitio\/inundaciones-afectan-173-viviendas-en-jesus-carranza-veracruz\/","title":{"rendered":"Inundaciones afectan 173 viviendas en Jes\u00fas Carranza, Veracruz"},"content":{"rendered":"\n<p>Las lluvias generadas por las ondas tropicales 25 y 26 y una vaguada con eje en el suroeste del Golfo de M\u00e9xico, han dejado afectaciones en 173 viviendas tras inundaciones en Jes\u00fas Carranza, Veracruz.<\/p>\n\n\n\n<p>De acuerdo con la Secretar\u00eda de Protecci\u00f3n Civil estatal, estas viviendas pertenecen a dos colonias, las cuales se vieron afectadas por las corrientes desbordadas del r\u00edo Jaltepec, y los arroyos Santiago V\u00e1zquez y Santa Lucrecia, sin reporte de personas lesionadas.<\/p>\n\n\n\n<p>Se activ\u00f3 un refugio temporal en el Caporal del DIF municipal, en caso de que la poblaci\u00f3n lo requiera. En el sitio se encuentra Protecci\u00f3n Civil estatal y la Sedena activ\u00f3 el Plan DN-III-E para el apoyo a la poblaci\u00f3n afectada.<\/p>\n\n\n\n<p>Los r\u00edos en la zona sur han incrementado sus niveles, por lo que Protecci\u00f3n Civil estatal mantiene el monitoreo en coordinaci\u00f3n con los municipios.<\/p>\n\n\n\n<p>Se pronostican lluvias en la regi\u00f3n, con menor intensidad a la registrada, por lo que se exhorta a la poblaci\u00f3n de la regi\u00f3n sur a seguir con atenci\u00f3n los niveles de los r\u00edos, adem\u00e1s de atender a las indicaciones de las autoridades locales, ya que las evacuaciones precautorias son por su seguridad.<\/p>\n","protected":false},"excerpt":{"rendered":"<p>Las lluvias generadas por las ondas tropicales 25 y 26 y una vaguada con eje en el suroeste del Golfo de M\u00e9xico, han dejado afectaciones en 173 viviendas tras inundaciones en Jes\u00fas Carranza, Veracruz. De acuerdo con la Secretar\u00eda de Protecci\u00f3n Civil estatal, estas viviendas pertenecen a dos colonias, las cuales se vieron afectadas por<a class=\"read-more\" href=\"https:\/\/globalnewsmexico.com\/sitio\/inundaciones-afectan-173-viviendas-en-jesus-carranza-veracruz\/\">Leer m\u00e1s<\/a><\/p>\n","protected":false},"author":5,"featured_media":52194,"comment_status":"closed","ping_status":"open","sticky":false,"template":"","format":"standard","meta":{"spay_email":"","footnotes":""},"categories":[37,8,50,52],"tags":[],"jetpack_featured_media_url":"https:\/\/i1.wp.com\/globalnewsmexico.com\/sitio\/wp-content\/uploads\/2020\/08\/ceb219d1-15b4-4ca7-aeb8-311755ae7b73.jpg?fit=1040%2C585&ssl=1","jetpack_sharing_enabled":true,"jetpack_shortlink":"https:\/\/wp.me\/p9yqPL-dzN","jetpack_likes_enabled":true,"_links":{"self":[{"href":"https:\/\/globalnewsmexico.com\/sitio\/wp-json\/wp\/v2\/posts\/52191"}],"collection":[{"href":"https:\/\/globalnewsmexico.com\/sitio\/wp-json\/wp\/v2\/posts"}],"about":[{"href":"https:\/\/globalnewsmexico.com\/sitio\/wp-json\/wp\/v2\/types\/post"}],"author":[{"embeddable":true,"href":"https:\/\/globalnewsmexico.com\/sitio\/wp-json\/wp\/v2\/users\/5"}],"replies":[{"embeddable":true,"href":"https:\/\/globalnewsmexico.com\/sitio\/wp-json\/wp\/v2\/comments?post=52191"}],"version-history":[{"count":0,"href":"https:\/\/globalnewsmexico.com\/sitio\/wp-json\/wp\/v2\/posts\/52191\/revisions"}],"wp:featuredmedia":[{"embeddable":true,"href":"https:\/\/globalnewsmexico.com\/sitio\/wp-json\/wp\/v2\/media\/52194"}],"wp:attachment":[{"href":"https:\/\/globalnewsmexico.com\/sitio\/wp-json\/wp\/v2\/media?parent=52191"}],"wp:term":[{"taxonomy":"category","embeddable":true,"href":"https:\/\/globalnewsmexico.com\/sitio\/wp-json\/wp\/v2\/categories?post=52191"},{"taxonomy":"post_tag","embeddable":true,"href":"https:\/\/globalnewsmexico.com\/sitio\/wp-json\/wp\/v2\/tags?post=52191"}],"curies":[{"name":"wp","href":"https:\/\/api.w.org\/{rel}","templated":true}]}}