{"id":52210,"date":"2020-08-13T09:48:57","date_gmt":"2020-08-13T14:48:57","guid":{"rendered":"http:\/\/globalnewsmexico.com\/sitio\/?p=52210"},"modified":"2020-08-13T09:49:03","modified_gmt":"2020-08-13T14:49:03","slug":"descarta-gobernador-de-veracruz-aplicar-sanciones-a-quien-no-use-cubrebocas","status":"publish","type":"post","link":"https:\/\/globalnewsmexico.com\/sitio\/descarta-gobernador-de-veracruz-aplicar-sanciones-a-quien-no-use-cubrebocas\/","title":{"rendered":"Descarta gobernador de Veracruz aplicar sanciones a quien no use cubrebocas"},"content":{"rendered":"\n<p>El gobernador Cuitl\u00e1huac Garc\u00eda Jim\u00e9nez descart\u00f3 aplicar sanciones econ\u00f3micas en Veracruz a quienes no porten el cubrebocas; apel\u00f3 a la conciencia de los ciudadanos para evitar contagios por coronavirus.<\/p>\n\n\n\n<p>\u00abLa verdad es que la poblaci\u00f3n va tomando conciencia y son m\u00e1s de tres mil familias las que han pasado por una p\u00e9rdida a consecuencia del coronavirus\u00bb, dijo.<\/p>\n\n\n\n<p>En entrevista en la televisora estatal, el gobernador expuso que son los menos \u00ablos que no siguen las recomendaciones sanitarias y no olvidemos algo importante que han dicho los especialistas, de que el cubrebocas por s\u00ed solo no es una medida definitiva y determinante\u00bb.<\/p>\n\n\n\n<p>\u00abLas medidas determinantes s\u00ed son la sana distancia y el cuidado personal, sobre todo el lavado de las manos de forma constante; las otras medidas deben acompa\u00f1ar el buen uso del cubrebocas, que cuando se sale de su hogar, hagamos buen uso del cubrebocas\u00bb, apunt\u00f3.<\/p>\n\n\n\n<p>En el reporte m\u00e1s reciente de la Secretaria de Salud, Veracruz contabiliz\u00f3 24 mil 688 casos de coronavirus en 199 municipios.<\/p>\n","protected":false},"excerpt":{"rendered":"<p>El gobernador Cuitl\u00e1huac Garc\u00eda Jim\u00e9nez descart\u00f3 aplicar sanciones econ\u00f3micas en Veracruz a quienes no porten el cubrebocas; apel\u00f3 a la conciencia de los ciudadanos para evitar contagios por coronavirus. \u00abLa verdad es que la poblaci\u00f3n va tomando conciencia y son m\u00e1s de tres mil familias las que han pasado por una p\u00e9rdida a consecuencia del<a class=\"read-more\" href=\"https:\/\/globalnewsmexico.com\/sitio\/descarta-gobernador-de-veracruz-aplicar-sanciones-a-quien-no-use-cubrebocas\/\">Leer m\u00e1s<\/a><\/p>\n","protected":false},"author":5,"featured_media":38106,"comment_status":"closed","ping_status":"open","sticky":false,"template":"","format":"standard","meta":{"spay_email":"","footnotes":""},"categories":[37,8,50,52],"tags":[],"jetpack_featured_media_url":"https:\/\/i2.wp.com\/globalnewsmexico.com\/sitio\/wp-content\/uploads\/2019\/11\/cuitlahuac.jpg?fit=1040%2C639&ssl=1","jetpack_sharing_enabled":true,"jetpack_shortlink":"https:\/\/wp.me\/p9yqPL-dA6","jetpack_likes_enabled":true,"_links":{"self":[{"href":"https:\/\/globalnewsmexico.com\/sitio\/wp-json\/wp\/v2\/posts\/52210"}],"collection":[{"href":"https:\/\/globalnewsmexico.com\/sitio\/wp-json\/wp\/v2\/posts"}],"about":[{"href":"https:\/\/globalnewsmexico.com\/sitio\/wp-json\/wp\/v2\/types\/post"}],"author":[{"embeddable":true,"href":"https:\/\/globalnewsmexico.com\/sitio\/wp-json\/wp\/v2\/users\/5"}],"replies":[{"embeddable":true,"href":"https:\/\/globalnewsmexico.com\/sitio\/wp-json\/wp\/v2\/comments?post=52210"}],"version-history":[{"count":0,"href":"https:\/\/globalnewsmexico.com\/sitio\/wp-json\/wp\/v2\/posts\/52210\/revisions"}],"wp:featuredmedia":[{"embeddable":true,"href":"https:\/\/globalnewsmexico.com\/sitio\/wp-json\/wp\/v2\/media\/38106"}],"wp:attachment":[{"href":"https:\/\/globalnewsmexico.com\/sitio\/wp-json\/wp\/v2\/media?parent=52210"}],"wp:term":[{"taxonomy":"category","embeddable":true,"href":"https:\/\/globalnewsmexico.com\/sitio\/wp-json\/wp\/v2\/categories?post=52210"},{"taxonomy":"post_tag","embeddable":true,"href":"https:\/\/globalnewsmexico.com\/sitio\/wp-json\/wp\/v2\/tags?post=52210"}],"curies":[{"name":"wp","href":"https:\/\/api.w.org\/{rel}","templated":true}]}}