{"id":52211,"date":"2020-08-13T10:01:21","date_gmt":"2020-08-13T15:01:21","guid":{"rendered":"http:\/\/globalnewsmexico.com\/sitio\/?p=52211"},"modified":"2020-08-13T10:01:26","modified_gmt":"2020-08-13T15:01:26","slug":"con-alianza-mexico-tendra-vacuna-contra-covid-19-antes-de-lo-previsto-slim-domit","status":"publish","type":"post","link":"https:\/\/globalnewsmexico.com\/sitio\/con-alianza-mexico-tendra-vacuna-contra-covid-19-antes-de-lo-previsto-slim-domit\/","title":{"rendered":"Con alianza, M\u00e9xico tendr\u00e1 vacuna contra Covid-19 antes de lo previsto: Slim Domit"},"content":{"rendered":"\n<p>Carlos Slim Domit, presidente del Consejo de Administraci\u00f3n del Grupo Carso, dijo que el\u00a0acuerdo entre la Fundaci\u00f3n Slim, AstraZeneca y Oxford\u00a0permitir\u00e1 tener\u00a0acceso a la vacuna\u00a0contra el\u00a0coronavirus Covid-19\u00a0un a\u00f1o antes de lo previsto.<\/p>\n\n\n\n<p>\u00abEn caso de ser aprobada, el apoyo de la fundaci\u00f3n permitir\u00e1 que M\u00e9xico y Am\u00e9rica Latina accedan a la vacuna un a\u00f1o antes de lo previsto\u00bb, dijo en la conferencia de prensa del presidente Andr\u00e9s Manuel L\u00f3pez Obrador.<\/p>\n\n\n\n<p>El empresario\u00a0 reiter\u00f3 que la alianza fue gracias al trabajo conjunto de la IP y del Gobierno, \u00absin fines de lucro y beneficio econ\u00f3mico, buscando que su disponibilidad sea a precios accesibles\u00bb.<\/p>\n\n\n\n<p>La directora de AstraZeneca, Silvia Varela, asegur\u00f3 que el objetivo es traer la vacuna a M\u00e9xico \u00ablo antes posible a un precio razonable\u00bb.\u00a0<\/p>\n\n\n\n<p>Ayer, M\u00e9xico y Argentina, a trav\u00e9s de la Fundaci\u00f3n Carlos Slim, se asociaron con el laboratorio AstraZeneca y la Universidad de Oxford para la producci\u00f3n y distribuci\u00f3n de una vacuna contra el Covid-19, que ha provocado la muerte de miles de personas en el mundo.\u00a0<\/p>\n\n\n\n<p>El laboratorio de AstraZeneca firm\u00f3 un acuerdo con la Fundaci\u00f3n Slim para producir entre 150 y 250 millones de vacunas destinadas a toda Latinoam\u00e9rica, con excepci\u00f3n de Brasil.<\/p>\n\n\n\n<p>Fuente: Milenio<\/p>\n","protected":false},"excerpt":{"rendered":"<p>Carlos Slim Domit, presidente del Consejo de Administraci\u00f3n del Grupo Carso, dijo que el\u00a0acuerdo entre la Fundaci\u00f3n Slim, AstraZeneca y Oxford\u00a0permitir\u00e1 tener\u00a0acceso a la vacuna\u00a0contra el\u00a0coronavirus Covid-19\u00a0un a\u00f1o antes de lo previsto. \u00abEn caso de ser aprobada, el apoyo de la fundaci\u00f3n permitir\u00e1 que M\u00e9xico y Am\u00e9rica Latina accedan a la vacuna un a\u00f1o antes<a class=\"read-more\" href=\"https:\/\/globalnewsmexico.com\/sitio\/con-alianza-mexico-tendra-vacuna-contra-covid-19-antes-de-lo-previsto-slim-domit\/\">Leer m\u00e1s<\/a><\/p>\n","protected":false},"author":5,"featured_media":52212,"comment_status":"closed","ping_status":"open","sticky":false,"template":"","format":"standard","meta":{"spay_email":"","footnotes":""},"categories":[37,8,39,52],"tags":[],"jetpack_featured_media_url":"https:\/\/i1.wp.com\/globalnewsmexico.com\/sitio\/wp-content\/uploads\/2020\/08\/slim-domit-mexico-acceder-vacuna_0_23_1200_746.jpeg?fit=958%2C596&ssl=1","jetpack_sharing_enabled":true,"jetpack_shortlink":"https:\/\/wp.me\/p9yqPL-dA7","jetpack_likes_enabled":true,"_links":{"self":[{"href":"https:\/\/globalnewsmexico.com\/sitio\/wp-json\/wp\/v2\/posts\/52211"}],"collection":[{"href":"https:\/\/globalnewsmexico.com\/sitio\/wp-json\/wp\/v2\/posts"}],"about":[{"href":"https:\/\/globalnewsmexico.com\/sitio\/wp-json\/wp\/v2\/types\/post"}],"author":[{"embeddable":true,"href":"https:\/\/globalnewsmexico.com\/sitio\/wp-json\/wp\/v2\/users\/5"}],"replies":[{"embeddable":true,"href":"https:\/\/globalnewsmexico.com\/sitio\/wp-json\/wp\/v2\/comments?post=52211"}],"version-history":[{"count":0,"href":"https:\/\/globalnewsmexico.com\/sitio\/wp-json\/wp\/v2\/posts\/52211\/revisions"}],"wp:featuredmedia":[{"embeddable":true,"href":"https:\/\/globalnewsmexico.com\/sitio\/wp-json\/wp\/v2\/media\/52212"}],"wp:attachment":[{"href":"https:\/\/globalnewsmexico.com\/sitio\/wp-json\/wp\/v2\/media?parent=52211"}],"wp:term":[{"taxonomy":"category","embeddable":true,"href":"https:\/\/globalnewsmexico.com\/sitio\/wp-json\/wp\/v2\/categories?post=52211"},{"taxonomy":"post_tag","embeddable":true,"href":"https:\/\/globalnewsmexico.com\/sitio\/wp-json\/wp\/v2\/tags?post=52211"}],"curies":[{"name":"wp","href":"https:\/\/api.w.org\/{rel}","templated":true}]}}