{"id":52239,"date":"2020-08-13T14:02:06","date_gmt":"2020-08-13T19:02:06","guid":{"rendered":"http:\/\/globalnewsmexico.com\/sitio\/?p=52239"},"modified":"2020-08-13T14:02:08","modified_gmt":"2020-08-13T19:02:08","slug":"llama-fiscalia-libanesa-a-ministros-por-explosion-en-beirut","status":"publish","type":"post","link":"https:\/\/globalnewsmexico.com\/sitio\/llama-fiscalia-libanesa-a-ministros-por-explosion-en-beirut\/","title":{"rendered":"Llama Fiscal\u00eda libanesa a ministros por explosi\u00f3n en Beirut"},"content":{"rendered":"\n<p>La Fiscal\u00eda de L\u00edbano cit\u00f3 a comparecer a partir de ma\u00f1ana a ministros y exministros que sab\u00edan de las toneladas de nitrato de amonio almacenadas en el puerto de Beirut, que origin\u00f3 la devastadora explosi\u00f3n que acentu\u00f3 la crisis en el pa\u00eds.<\/p>\n\n\n\n<p>Una fuente judicial dijo que \u201cel interrogatorio empezar\u00e1 con el exministro de Obras P\u00fablicas, Ghazo Aridi\u201d; adem\u00e1s, indic\u00f3 que la pr\u00f3xima semana ser\u00e1n interrogados otros tres ministros, entre ellos Michel Najar, ministro de Obras P\u00fablicas, quien dimiti\u00f3 recientemente.<\/p>\n\n\n\n<p>Seg\u00fan un nuevo balance, la explosi\u00f3n caus\u00f3 al menos 171 muertos y m\u00e1s de seis mil 500 heridos; adem\u00e1s, unas 300 mil personas se quedaron sin vivienda.<\/p>\n\n\n\n<p>Estos hechos alimentaron la ira de los libaneses contra una clase pol\u00edtica, a la que acusan de corrupci\u00f3n e incompetencia.<\/p>\n\n\n\n<p>Cabe recordar que el gobierno de Hassan Diab dimiti\u00f3 el lunes, aunque una gran parte de la poblaci\u00f3n reclama tambi\u00e9n la salida del jefe del Estado, Michel Aoun, quien ayer inform\u00f3 que los da\u00f1os materiales causados por la explosi\u00f3n ascienden al menos a 15 mil millones de d\u00f3lares.<\/p>\n\n\n\n<p>Fuente: Agencias<\/p>\n","protected":false},"excerpt":{"rendered":"<p>La Fiscal\u00eda de L\u00edbano cit\u00f3 a comparecer a partir de ma\u00f1ana a ministros y exministros que sab\u00edan de las toneladas de nitrato de amonio almacenadas en el puerto de Beirut, que origin\u00f3 la devastadora explosi\u00f3n que acentu\u00f3 la crisis en el pa\u00eds. Una fuente judicial dijo que \u201cel interrogatorio empezar\u00e1 con el exministro de Obras<a class=\"read-more\" href=\"https:\/\/globalnewsmexico.com\/sitio\/llama-fiscalia-libanesa-a-ministros-por-explosion-en-beirut\/\">Leer m\u00e1s<\/a><\/p>\n","protected":false},"author":5,"featured_media":52240,"comment_status":"closed","ping_status":"open","sticky":false,"template":"","format":"standard","meta":{"spay_email":"","footnotes":""},"categories":[37,8,48,52],"tags":[],"jetpack_featured_media_url":"https:\/\/i0.wp.com\/globalnewsmexico.com\/sitio\/wp-content\/uploads\/2020\/08\/1115982.jpg?fit=1024%2C683&ssl=1","jetpack_sharing_enabled":true,"jetpack_shortlink":"https:\/\/wp.me\/p9yqPL-dAz","jetpack_likes_enabled":true,"_links":{"self":[{"href":"https:\/\/globalnewsmexico.com\/sitio\/wp-json\/wp\/v2\/posts\/52239"}],"collection":[{"href":"https:\/\/globalnewsmexico.com\/sitio\/wp-json\/wp\/v2\/posts"}],"about":[{"href":"https:\/\/globalnewsmexico.com\/sitio\/wp-json\/wp\/v2\/types\/post"}],"author":[{"embeddable":true,"href":"https:\/\/globalnewsmexico.com\/sitio\/wp-json\/wp\/v2\/users\/5"}],"replies":[{"embeddable":true,"href":"https:\/\/globalnewsmexico.com\/sitio\/wp-json\/wp\/v2\/comments?post=52239"}],"version-history":[{"count":0,"href":"https:\/\/globalnewsmexico.com\/sitio\/wp-json\/wp\/v2\/posts\/52239\/revisions"}],"wp:featuredmedia":[{"embeddable":true,"href":"https:\/\/globalnewsmexico.com\/sitio\/wp-json\/wp\/v2\/media\/52240"}],"wp:attachment":[{"href":"https:\/\/globalnewsmexico.com\/sitio\/wp-json\/wp\/v2\/media?parent=52239"}],"wp:term":[{"taxonomy":"category","embeddable":true,"href":"https:\/\/globalnewsmexico.com\/sitio\/wp-json\/wp\/v2\/categories?post=52239"},{"taxonomy":"post_tag","embeddable":true,"href":"https:\/\/globalnewsmexico.com\/sitio\/wp-json\/wp\/v2\/tags?post=52239"}],"curies":[{"name":"wp","href":"https:\/\/api.w.org\/{rel}","templated":true}]}}