{"id":52265,"date":"2020-08-13T19:35:45","date_gmt":"2020-08-14T00:35:45","guid":{"rendered":"http:\/\/globalnewsmexico.com\/sitio\/?p=52265"},"modified":"2020-08-13T19:35:49","modified_gmt":"2020-08-14T00:35:49","slug":"trasladan-en-ambulancia-aerea-a-mexico-al-embajador-en-honduras","status":"publish","type":"post","link":"https:\/\/globalnewsmexico.com\/sitio\/trasladan-en-ambulancia-aerea-a-mexico-al-embajador-en-honduras\/","title":{"rendered":"Trasladan en ambulancia a\u00e9rea a M\u00e9xico al embajador en Honduras"},"content":{"rendered":"\n<p>David Jim\u00e9nez, embajador de M\u00e9xico en Honduras,\u00a0fue trasladado por ambulancia a\u00e9rea al pa\u00eds, y actualmente se encuentra en terapia intermedia tras haber dado positivo a Covid-19.<\/p>\n\n\n\n<p>A trav\u00e9s de Twitter, el canciller Marcelo Ebrard dio la noticia y dese\u00f3 pronta recuperaci\u00f3n al diplom\u00e1tico.<\/p>\n\n\n\n<p>\u00abDeseo pronta recuperaci\u00f3n a David Jim\u00e9nez, embajador de M\u00e9xico en Honduras, quien lleg\u00f3 ayer en ambulancia a\u00e9rea y se encuentra en terapia intermedia con muy buen pron\u00f3stico. Bienvenido David, abrazo con todo afecto\u00bb, escribi\u00f3 Ebrard.\u00a0<\/p>\n\n\n\n<p>Fuente: Milenio<\/p>\n","protected":false},"excerpt":{"rendered":"<p>David Jim\u00e9nez, embajador de M\u00e9xico en Honduras,\u00a0fue trasladado por ambulancia a\u00e9rea al pa\u00eds, y actualmente se encuentra en terapia intermedia tras haber dado positivo a Covid-19. A trav\u00e9s de Twitter, el canciller Marcelo Ebrard dio la noticia y dese\u00f3 pronta recuperaci\u00f3n al diplom\u00e1tico. \u00abDeseo pronta recuperaci\u00f3n a David Jim\u00e9nez, embajador de M\u00e9xico en Honduras, quien<a class=\"read-more\" href=\"https:\/\/globalnewsmexico.com\/sitio\/trasladan-en-ambulancia-aerea-a-mexico-al-embajador-en-honduras\/\">Leer m\u00e1s<\/a><\/p>\n","protected":false},"author":5,"featured_media":52266,"comment_status":"closed","ping_status":"open","sticky":false,"template":"","format":"standard","meta":{"spay_email":"","footnotes":""},"categories":[37,8,40,52],"tags":[],"jetpack_featured_media_url":"https:\/\/i1.wp.com\/globalnewsmexico.com\/sitio\/wp-content\/uploads\/2020\/08\/el-embajador-es-originario-de.jpg?fit=958%2C596&ssl=1","jetpack_sharing_enabled":true,"jetpack_shortlink":"https:\/\/wp.me\/p9yqPL-dAZ","jetpack_likes_enabled":true,"_links":{"self":[{"href":"https:\/\/globalnewsmexico.com\/sitio\/wp-json\/wp\/v2\/posts\/52265"}],"collection":[{"href":"https:\/\/globalnewsmexico.com\/sitio\/wp-json\/wp\/v2\/posts"}],"about":[{"href":"https:\/\/globalnewsmexico.com\/sitio\/wp-json\/wp\/v2\/types\/post"}],"author":[{"embeddable":true,"href":"https:\/\/globalnewsmexico.com\/sitio\/wp-json\/wp\/v2\/users\/5"}],"replies":[{"embeddable":true,"href":"https:\/\/globalnewsmexico.com\/sitio\/wp-json\/wp\/v2\/comments?post=52265"}],"version-history":[{"count":0,"href":"https:\/\/globalnewsmexico.com\/sitio\/wp-json\/wp\/v2\/posts\/52265\/revisions"}],"wp:featuredmedia":[{"embeddable":true,"href":"https:\/\/globalnewsmexico.com\/sitio\/wp-json\/wp\/v2\/media\/52266"}],"wp:attachment":[{"href":"https:\/\/globalnewsmexico.com\/sitio\/wp-json\/wp\/v2\/media?parent=52265"}],"wp:term":[{"taxonomy":"category","embeddable":true,"href":"https:\/\/globalnewsmexico.com\/sitio\/wp-json\/wp\/v2\/categories?post=52265"},{"taxonomy":"post_tag","embeddable":true,"href":"https:\/\/globalnewsmexico.com\/sitio\/wp-json\/wp\/v2\/tags?post=52265"}],"curies":[{"name":"wp","href":"https:\/\/api.w.org\/{rel}","templated":true}]}}