{"id":52288,"date":"2020-08-14T12:11:25","date_gmt":"2020-08-14T17:11:25","guid":{"rendered":"http:\/\/globalnewsmexico.com\/sitio\/?p=52288"},"modified":"2020-08-14T12:11:29","modified_gmt":"2020-08-14T17:11:29","slug":"cierre-parcial-de-frontera-mexico-ee-uu-se-extiende-hasta-el-21-de-septiembre","status":"publish","type":"post","link":"https:\/\/globalnewsmexico.com\/sitio\/cierre-parcial-de-frontera-mexico-ee-uu-se-extiende-hasta-el-21-de-septiembre\/","title":{"rendered":"Cierre parcial de frontera M\u00e9xico-EE. UU se extiende hasta el 21 de septiembre"},"content":{"rendered":"\n<p>Estados Unidos y M\u00e9xico acordaron\u00a0extender otro mes el cierre de su frontera com\u00fan para viajes no esenciales\u00a0que impliquen cruzarla de manera terrestre, confirm\u00f3 hoy el secretario interino de Seguridad Nacional de Estados Unidos, Chad Wolf, quien agreg\u00f3 que se alcanz\u00f3 el mismo acuerdo con Canad\u00e1.<\/p>\n\n\n\n<p>\u00abSeguimos trabajando con nuestros socios canadienses y mexicanos para\u00a0frenar la propagaci\u00f3n de Covid-19. En consecuencia, hemos acordado extender la limitaci\u00f3n de viajes no esenciales en nuestros puertos de entrada terrestres compartidos hasta el 21 de septiembre\u00bb, sostuvo Wolf en un tuit.<\/p>\n\n\n\n<p>Ayer, el titular de la Secretar\u00eda de Relaciones Exteriores (SRE), Marcelo Ebrard, adelant\u00f3 que podr\u00edan extenderse las restricciones debido a que en Estados Unidos se sufre un resurgimiento de casos de coronavirus SARS-CoV-2, mientras que en M\u00e9xico \u00abalgunos estados vamos m\u00e1s o menos a la baja\u00bb y no ser\u00eda l\u00f3gico cambiar la medida.<\/p>\n\n\n\n<p>Fuente: Agencias<\/p>\n","protected":false},"excerpt":{"rendered":"<p>Estados Unidos y M\u00e9xico acordaron\u00a0extender otro mes el cierre de su frontera com\u00fan para viajes no esenciales\u00a0que impliquen cruzarla de manera terrestre, confirm\u00f3 hoy el secretario interino de Seguridad Nacional de Estados Unidos, Chad Wolf, quien agreg\u00f3 que se alcanz\u00f3 el mismo acuerdo con Canad\u00e1. \u00abSeguimos trabajando con nuestros socios canadienses y mexicanos para\u00a0frenar la<a class=\"read-more\" href=\"https:\/\/globalnewsmexico.com\/sitio\/cierre-parcial-de-frontera-mexico-ee-uu-se-extiende-hasta-el-21-de-septiembre\/\">Leer m\u00e1s<\/a><\/p>\n","protected":false},"author":5,"featured_media":52289,"comment_status":"closed","ping_status":"open","sticky":false,"template":"","format":"standard","meta":{"spay_email":"","footnotes":""},"categories":[37,8,39,52],"tags":[],"jetpack_featured_media_url":"https:\/\/i1.wp.com\/globalnewsmexico.com\/sitio\/wp-content\/uploads\/2020\/08\/proposito-aumentar-numero-posiciones-revision_0_29_474_294.jpeg?fit=958%2C596&ssl=1","jetpack_sharing_enabled":true,"jetpack_shortlink":"https:\/\/wp.me\/p9yqPL-dBm","jetpack_likes_enabled":true,"_links":{"self":[{"href":"https:\/\/globalnewsmexico.com\/sitio\/wp-json\/wp\/v2\/posts\/52288"}],"collection":[{"href":"https:\/\/globalnewsmexico.com\/sitio\/wp-json\/wp\/v2\/posts"}],"about":[{"href":"https:\/\/globalnewsmexico.com\/sitio\/wp-json\/wp\/v2\/types\/post"}],"author":[{"embeddable":true,"href":"https:\/\/globalnewsmexico.com\/sitio\/wp-json\/wp\/v2\/users\/5"}],"replies":[{"embeddable":true,"href":"https:\/\/globalnewsmexico.com\/sitio\/wp-json\/wp\/v2\/comments?post=52288"}],"version-history":[{"count":0,"href":"https:\/\/globalnewsmexico.com\/sitio\/wp-json\/wp\/v2\/posts\/52288\/revisions"}],"wp:featuredmedia":[{"embeddable":true,"href":"https:\/\/globalnewsmexico.com\/sitio\/wp-json\/wp\/v2\/media\/52289"}],"wp:attachment":[{"href":"https:\/\/globalnewsmexico.com\/sitio\/wp-json\/wp\/v2\/media?parent=52288"}],"wp:term":[{"taxonomy":"category","embeddable":true,"href":"https:\/\/globalnewsmexico.com\/sitio\/wp-json\/wp\/v2\/categories?post=52288"},{"taxonomy":"post_tag","embeddable":true,"href":"https:\/\/globalnewsmexico.com\/sitio\/wp-json\/wp\/v2\/tags?post=52288"}],"curies":[{"name":"wp","href":"https:\/\/api.w.org\/{rel}","templated":true}]}}