{"id":52328,"date":"2020-08-14T19:36:33","date_gmt":"2020-08-15T00:36:33","guid":{"rendered":"http:\/\/globalnewsmexico.com\/sitio\/?p=52328"},"modified":"2020-08-14T19:36:38","modified_gmt":"2020-08-15T00:36:38","slug":"amlo-declara-duelo-nacional-por-decesos-de-covid-19","status":"publish","type":"post","link":"https:\/\/globalnewsmexico.com\/sitio\/amlo-declara-duelo-nacional-por-decesos-de-covid-19\/","title":{"rendered":"AMLO declara duelo nacional por decesos de Covid-19"},"content":{"rendered":"\n<p>En la edici\u00f3n vespertina del\u00a0Diario Oficial de la Federaci\u00f3n, se public\u00f3 el decreto mediante el cual el presidente\u00a0Andr\u00e9s Manuel L\u00f3pez Obrador\u00a0declara duelo nacional de 30 d\u00edas por los\u00a0decesos y contagios de Covid-19\u00a0en el pa\u00eds.<\/p>\n\n\n\n<p>\u201cSe declara duelo nacional de 30 d\u00edas, por los decesos de las personas y contagios en nuestro pa\u00eds causados por la pandemia de enfermedad generada por el virus SARS-CoV2 (Covid-19), declarada por la Organizaci\u00f3n Mundial de la Salud, el 11 de marzo de 2020\u201d, precisa el documento.<\/p>\n\n\n\n<p>El decreto precisa que se realizar\u00e1 el izamiento de la\u00a0Bandera Nacional\u00a0a media asta del 13 de agosto y hasta el 11 de septiembre.<\/p>\n\n\n\n<p>Adem\u00e1s, exhorta a los servidores p\u00fablicos de las dependencias federales a guardar un minuto de\u00a0silencio diariamente a las 12 horas, en las oficinas administrativas que se encuentren en funcionamiento.<\/p>\n\n\n\n<p>Fuente: Milenio<\/p>\n","protected":false},"excerpt":{"rendered":"<p>En la edici\u00f3n vespertina del\u00a0Diario Oficial de la Federaci\u00f3n, se public\u00f3 el decreto mediante el cual el presidente\u00a0Andr\u00e9s Manuel L\u00f3pez Obrador\u00a0declara duelo nacional de 30 d\u00edas por los\u00a0decesos y contagios de Covid-19\u00a0en el pa\u00eds. \u201cSe declara duelo nacional de 30 d\u00edas, por los decesos de las personas y contagios en nuestro pa\u00eds causados por la<a class=\"read-more\" href=\"https:\/\/globalnewsmexico.com\/sitio\/amlo-declara-duelo-nacional-por-decesos-de-covid-19\/\">Leer m\u00e1s<\/a><\/p>\n","protected":false},"author":5,"featured_media":52329,"comment_status":"closed","ping_status":"open","sticky":false,"template":"","format":"standard","meta":{"spay_email":"","footnotes":""},"categories":[37,8,39,52],"tags":[],"jetpack_featured_media_url":"https:\/\/i1.wp.com\/globalnewsmexico.com\/sitio\/wp-content\/uploads\/2020\/08\/cifra-muertos-coronavirus-mexico-supera_0_3_958_596.jpg?fit=958%2C596&ssl=1","jetpack_sharing_enabled":true,"jetpack_shortlink":"https:\/\/wp.me\/p9yqPL-dC0","jetpack_likes_enabled":true,"_links":{"self":[{"href":"https:\/\/globalnewsmexico.com\/sitio\/wp-json\/wp\/v2\/posts\/52328"}],"collection":[{"href":"https:\/\/globalnewsmexico.com\/sitio\/wp-json\/wp\/v2\/posts"}],"about":[{"href":"https:\/\/globalnewsmexico.com\/sitio\/wp-json\/wp\/v2\/types\/post"}],"author":[{"embeddable":true,"href":"https:\/\/globalnewsmexico.com\/sitio\/wp-json\/wp\/v2\/users\/5"}],"replies":[{"embeddable":true,"href":"https:\/\/globalnewsmexico.com\/sitio\/wp-json\/wp\/v2\/comments?post=52328"}],"version-history":[{"count":0,"href":"https:\/\/globalnewsmexico.com\/sitio\/wp-json\/wp\/v2\/posts\/52328\/revisions"}],"wp:featuredmedia":[{"embeddable":true,"href":"https:\/\/globalnewsmexico.com\/sitio\/wp-json\/wp\/v2\/media\/52329"}],"wp:attachment":[{"href":"https:\/\/globalnewsmexico.com\/sitio\/wp-json\/wp\/v2\/media?parent=52328"}],"wp:term":[{"taxonomy":"category","embeddable":true,"href":"https:\/\/globalnewsmexico.com\/sitio\/wp-json\/wp\/v2\/categories?post=52328"},{"taxonomy":"post_tag","embeddable":true,"href":"https:\/\/globalnewsmexico.com\/sitio\/wp-json\/wp\/v2\/tags?post=52328"}],"curies":[{"name":"wp","href":"https:\/\/api.w.org\/{rel}","templated":true}]}}