{"id":52410,"date":"2020-08-17T13:06:27","date_gmt":"2020-08-17T18:06:27","guid":{"rendered":"http:\/\/globalnewsmexico.com\/sitio\/?p=52410"},"modified":"2020-08-17T13:06:33","modified_gmt":"2020-08-17T18:06:33","slug":"ordenan-inspeccion-por-acumulamiento-de-basura-en-hospital-de-coatzacoalcos-veracruz","status":"publish","type":"post","link":"https:\/\/globalnewsmexico.com\/sitio\/ordenan-inspeccion-por-acumulamiento-de-basura-en-hospital-de-coatzacoalcos-veracruz\/","title":{"rendered":"Ordenan inspecci\u00f3n por acumulamiento de basura en hospital de Coatzacoalcos, Veracruz"},"content":{"rendered":"\n<p>La Procuradur\u00eda Estatal de Medio Ambiente (PMA) emiti\u00f3 una orden de inspecci\u00f3n por el reporte de acumulamiento de basura en el Hospital Regional &#8216;Valent\u00edn G\u00f3mez Far\u00edas&#8217; de Coatzacoalcos, Veracruz.<\/p>\n\n\n\n<p>El titular del organismo, Sergio Rodr\u00edguez Cort\u00e9s, dijo que este lunes se le dio entrada formal a la queja, con lo cual\u00a0 se faculta el ingreso al lugar para revisar qu\u00e9 es lo que est\u00e1 pasando con los desechos.<\/p>\n\n\n\n<p>\u00abLo \u00fanico que tenemos hasta ahorita es el tema que se conoce p\u00fablicamente, que es una denuncia ciudadana an\u00f3nima, hasta ahorita tenemos esa informaci\u00f3n\u00bb, dijo.<\/p>\n\n\n\n<p>Posiblemente la inspecci\u00f3n se realice hasta el martes, porque el documento tiene que ser firmado por el procurador y viajar hacia el sur de la entidad para que surta efectos.<\/p>\n\n\n\n<p>-\u00bfPodr\u00eda estar ocurriendo lo mismo que pas\u00f3 en el IMSS de Veracruz?<\/p>\n\n\n\n<p>\u00abHay una presunci\u00f3n de la informaci\u00f3n que tenemos, no hay la certeza ni podemos adelantar juicios, pero entiendo que estos son residuos s\u00f3lidos urbanos\u00bb.<\/p>\n\n\n\n<p>Record\u00f3 que en la zona de Coatzacoalcos hubo una \u00abcrisis\u00bb que impidi\u00f3 la recolecci\u00f3n de basura, lo que tal vez pudo generar la problem\u00e1tica que actualmente se presenta.<\/p>\n\n\n\n<p>Fuente: Xeu Noticias<\/p>\n","protected":false},"excerpt":{"rendered":"<p>La Procuradur\u00eda Estatal de Medio Ambiente (PMA) emiti\u00f3 una orden de inspecci\u00f3n por el reporte de acumulamiento de basura en el Hospital Regional &#8216;Valent\u00edn G\u00f3mez Far\u00edas&#8217; de Coatzacoalcos, Veracruz. El titular del organismo, Sergio Rodr\u00edguez Cort\u00e9s, dijo que este lunes se le dio entrada formal a la queja, con lo cual\u00a0 se faculta el ingreso<a class=\"read-more\" href=\"https:\/\/globalnewsmexico.com\/sitio\/ordenan-inspeccion-por-acumulamiento-de-basura-en-hospital-de-coatzacoalcos-veracruz\/\">Leer m\u00e1s<\/a><\/p>\n","protected":false},"author":5,"featured_media":52411,"comment_status":"closed","ping_status":"open","sticky":false,"template":"","format":"standard","meta":{"spay_email":"","footnotes":""},"categories":[37,8,50,52],"tags":[],"jetpack_featured_media_url":"https:\/\/i1.wp.com\/globalnewsmexico.com\/sitio\/wp-content\/uploads\/2020\/08\/1116632.jpg?fit=1024%2C683&ssl=1","jetpack_sharing_enabled":true,"jetpack_shortlink":"https:\/\/wp.me\/p9yqPL-dDk","jetpack_likes_enabled":true,"_links":{"self":[{"href":"https:\/\/globalnewsmexico.com\/sitio\/wp-json\/wp\/v2\/posts\/52410"}],"collection":[{"href":"https:\/\/globalnewsmexico.com\/sitio\/wp-json\/wp\/v2\/posts"}],"about":[{"href":"https:\/\/globalnewsmexico.com\/sitio\/wp-json\/wp\/v2\/types\/post"}],"author":[{"embeddable":true,"href":"https:\/\/globalnewsmexico.com\/sitio\/wp-json\/wp\/v2\/users\/5"}],"replies":[{"embeddable":true,"href":"https:\/\/globalnewsmexico.com\/sitio\/wp-json\/wp\/v2\/comments?post=52410"}],"version-history":[{"count":0,"href":"https:\/\/globalnewsmexico.com\/sitio\/wp-json\/wp\/v2\/posts\/52410\/revisions"}],"wp:featuredmedia":[{"embeddable":true,"href":"https:\/\/globalnewsmexico.com\/sitio\/wp-json\/wp\/v2\/media\/52411"}],"wp:attachment":[{"href":"https:\/\/globalnewsmexico.com\/sitio\/wp-json\/wp\/v2\/media?parent=52410"}],"wp:term":[{"taxonomy":"category","embeddable":true,"href":"https:\/\/globalnewsmexico.com\/sitio\/wp-json\/wp\/v2\/categories?post=52410"},{"taxonomy":"post_tag","embeddable":true,"href":"https:\/\/globalnewsmexico.com\/sitio\/wp-json\/wp\/v2\/tags?post=52410"}],"curies":[{"name":"wp","href":"https:\/\/api.w.org\/{rel}","templated":true}]}}