{"id":52479,"date":"2020-08-18T13:08:53","date_gmt":"2020-08-18T18:08:53","guid":{"rendered":"http:\/\/globalnewsmexico.com\/sitio\/?p=52479"},"modified":"2020-08-18T13:08:57","modified_gmt":"2020-08-18T18:08:57","slug":"segundo-informe-de-amlo-se-realizara-el-1-de-septiembre-en-palacio-nacional","status":"publish","type":"post","link":"https:\/\/globalnewsmexico.com\/sitio\/segundo-informe-de-amlo-se-realizara-el-1-de-septiembre-en-palacio-nacional\/","title":{"rendered":"Segundo informe de AMLO se realizar\u00e1 el 1 de septiembre en Palacio Nacional"},"content":{"rendered":"\n<p>El presidente Andr\u00e9s Manuel L\u00f3pez Obrador confirm\u00f3 que el\u00a0 martes 1 de septiembre realizar\u00e1\u00a0su Segundo Informe de Gobierno.<\/p>\n\n\n\n<p>Durante su conferencia de prensa ma\u00f1anera, el mandatario se\u00f1al\u00f3 que se llevar\u00e1 a cabo desde el patio central de Palacio Nacional; sin embargo, a\u00fan no hay una hora definida.<\/p>\n\n\n\n<p>\u00abVamos a hablar de lo que hemos avanzado en este tiempo, se va a entregar por escrito al Congreso y aqu\u00ed en el patio central de Palacio Nacional se va a llevar a cabo; todav\u00eda estamos viendo la hora, para que no sea la misma de la sesi\u00f3n del Congreso\u00bb, dijo.<\/p>\n\n\n\n<p>Fuente: Xeu Noticias<\/p>\n","protected":false},"excerpt":{"rendered":"<p>El presidente Andr\u00e9s Manuel L\u00f3pez Obrador confirm\u00f3 que el\u00a0 martes 1 de septiembre realizar\u00e1\u00a0su Segundo Informe de Gobierno. Durante su conferencia de prensa ma\u00f1anera, el mandatario se\u00f1al\u00f3 que se llevar\u00e1 a cabo desde el patio central de Palacio Nacional; sin embargo, a\u00fan no hay una hora definida. \u00abVamos a hablar de lo que hemos avanzado<a class=\"read-more\" href=\"https:\/\/globalnewsmexico.com\/sitio\/segundo-informe-de-amlo-se-realizara-el-1-de-septiembre-en-palacio-nacional\/\">Leer m\u00e1s<\/a><\/p>\n","protected":false},"author":5,"featured_media":52480,"comment_status":"closed","ping_status":"open","sticky":false,"template":"","format":"standard","meta":{"spay_email":"","footnotes":""},"categories":[37,8,40,52],"tags":[],"jetpack_featured_media_url":"https:\/\/i1.wp.com\/globalnewsmexico.com\/sitio\/wp-content\/uploads\/2020\/08\/1116791.jpg?fit=1024%2C594&ssl=1","jetpack_sharing_enabled":true,"jetpack_shortlink":"https:\/\/wp.me\/p9yqPL-dEr","jetpack_likes_enabled":true,"_links":{"self":[{"href":"https:\/\/globalnewsmexico.com\/sitio\/wp-json\/wp\/v2\/posts\/52479"}],"collection":[{"href":"https:\/\/globalnewsmexico.com\/sitio\/wp-json\/wp\/v2\/posts"}],"about":[{"href":"https:\/\/globalnewsmexico.com\/sitio\/wp-json\/wp\/v2\/types\/post"}],"author":[{"embeddable":true,"href":"https:\/\/globalnewsmexico.com\/sitio\/wp-json\/wp\/v2\/users\/5"}],"replies":[{"embeddable":true,"href":"https:\/\/globalnewsmexico.com\/sitio\/wp-json\/wp\/v2\/comments?post=52479"}],"version-history":[{"count":0,"href":"https:\/\/globalnewsmexico.com\/sitio\/wp-json\/wp\/v2\/posts\/52479\/revisions"}],"wp:featuredmedia":[{"embeddable":true,"href":"https:\/\/globalnewsmexico.com\/sitio\/wp-json\/wp\/v2\/media\/52480"}],"wp:attachment":[{"href":"https:\/\/globalnewsmexico.com\/sitio\/wp-json\/wp\/v2\/media?parent=52479"}],"wp:term":[{"taxonomy":"category","embeddable":true,"href":"https:\/\/globalnewsmexico.com\/sitio\/wp-json\/wp\/v2\/categories?post=52479"},{"taxonomy":"post_tag","embeddable":true,"href":"https:\/\/globalnewsmexico.com\/sitio\/wp-json\/wp\/v2\/tags?post=52479"}],"curies":[{"name":"wp","href":"https:\/\/api.w.org\/{rel}","templated":true}]}}