{"id":52481,"date":"2020-08-18T13:29:31","date_gmt":"2020-08-18T18:29:31","guid":{"rendered":"http:\/\/globalnewsmexico.com\/sitio\/?p=52481"},"modified":"2020-08-18T13:29:37","modified_gmt":"2020-08-18T18:29:37","slug":"pandemia-desato-crisis-inedita-de-salud-mental-ops","status":"publish","type":"post","link":"https:\/\/globalnewsmexico.com\/sitio\/pandemia-desato-crisis-inedita-de-salud-mental-ops\/","title":{"rendered":"Pandemia desat\u00f3 crisis in\u00e9dita de salud mental: OPS"},"content":{"rendered":"\n<p>Depresi\u00f3n,\u00a0ansiedad,\u00a0estr\u00e9s: la\u00a0pandemia\u00a0de Covid-19\u00a0caus\u00f3 una\u00a0\u00abcrisis de salud mental\u00bb sin precedentes\u00a0en todo el\u00a0continente americano, y llev\u00f3 a un\u00a0\u00abalza de la violencia dom\u00e9stica\u00bb, alert\u00f3 hoy\u00a0la\u00a0Organizaci\u00f3n Panamericana de la Salud (OPS).<\/p>\n\n\n\n<p>\u00abLa pandemia de Covid-19 ha provocado una crisis de salud mental en nuestra regi\u00f3n a una escala que nunca antes hab\u00edamos visto\u00bb, dijo en rueda de prensa Carissa Etienne, directora de la OPS, oficina regional de la Organizaci\u00f3n Mundial de la Salud (OMS).\u00a0<\/p>\n\n\n\n<p>Seg\u00fan las<strong>\u00a0<\/strong>encuestas, en\u00a0Estados Unidos,\u00a0Brasil\u00a0y\u00a0M\u00e9xico, los\u00a0tres pa\u00edses americanos m\u00e1s afectados\u00a0por el\u00a0coronavirus, aproximadamente la\u00a0mitad\u00a0de los\u00a0adultos est\u00e1n estresados debido a la\u00a0pandemia.<\/p>\n\n\n\n<p>Esta situaci\u00f3n&nbsp;ha incrementado el consumo de drogas y alcohol, lo cual \u00abpuede exacerbar los problemas de salud mental\u00bb, advirti\u00f3 Etienne.&nbsp;<\/p>\n\n\n\n<p>El experto dijo adem\u00e1s que las medidas para frenar los contagios, sumadas a los impactos sociales y econ\u00f3micos del virus, \u00abest\u00e1n aumentando los riesgos de violencia dom\u00e9stica\u00bb.<\/p>\n\n\n\n<p>\u00abEl hogar no es un lugar seguro para muchos\u00bb, coment\u00f3, al se\u00f1alar una multiplicaci\u00f3n de los pedidos de ayuda por abusos en Argentina, Colombia, y M\u00e9xico.\u00a0<\/p>\n\n\n\n<p>Por otra parte, debido a la interrupci\u00f3n de ciertos servicios de apoyo y el aislamiento de las v\u00edctimas, \u00abes probable que se subestime el alcance real de la violencia dom\u00e9stica durante el Covid-19\u00bb, apunt\u00f3.<\/p>\n\n\n\n<p>Etienne dijo que las \u00abnecesidades crecientes\u00bb de atenci\u00f3n de la salud mental y los \u00abrecursos reducidos para abordarlas\u00bb crean una \u00abtormenta perfecta\u00bb en muchos pa\u00edses.<\/p>\n\n\n\n<p>\u00abEs urgente que el apoyo a la salud mental se considere un componente fundamental de la respuesta a la pandemia\u00bb, pidi\u00f3.<\/p>\n\n\n\n<p>Con casi 11.5 millones de casos y m\u00e1s de 400 mil muertos, el continente americano sigue siendo el m\u00e1s golpeado por el covid-19 en el mundo, con 55% de la nuevas infecciones reportadas la semana pasada, seg\u00fan informaci\u00f3n de la OPS.<\/p>\n\n\n\n<p>\u00abLas Am\u00e9ricas tienen aproximadamente el 13% de la poblaci\u00f3n mundial, pero suman hasta ahora el 64% de las muertes mundiales reportadas oficialmente\u00bb, dijo Etienne.<\/p>\n\n\n\n<p>Estados Unidos y Brasil son los pa\u00edses m\u00e1s impactados, pero se ha observado \u00abuna tendencia creciente\u00bb en zonas hasta ahora estables durante varias semanas, como el Caribe.<\/p>\n\n\n\n<p>Entre los pa\u00edses que han reportado nuevas infecciones destac\u00f3 a Rep\u00fablica Dominicana, Jamaica, Bahamas y Trinidad y Tobago, pero tambi\u00e9n a Per\u00fa.<\/p>\n\n\n\n<p>Fuente: Agencias<\/p>\n","protected":false},"excerpt":{"rendered":"<p>Depresi\u00f3n,\u00a0ansiedad,\u00a0estr\u00e9s: la\u00a0pandemia\u00a0de Covid-19\u00a0caus\u00f3 una\u00a0\u00abcrisis de salud mental\u00bb sin precedentes\u00a0en todo el\u00a0continente americano, y llev\u00f3 a un\u00a0\u00abalza de la violencia dom\u00e9stica\u00bb, alert\u00f3 hoy\u00a0la\u00a0Organizaci\u00f3n Panamericana de la Salud (OPS). \u00abLa pandemia de Covid-19 ha provocado una crisis de salud mental en nuestra regi\u00f3n a una escala que nunca antes hab\u00edamos visto\u00bb, dijo en rueda de prensa Carissa<a class=\"read-more\" href=\"https:\/\/globalnewsmexico.com\/sitio\/pandemia-desato-crisis-inedita-de-salud-mental-ops\/\">Leer m\u00e1s<\/a><\/p>\n","protected":false},"author":5,"featured_media":52482,"comment_status":"closed","ping_status":"open","sticky":false,"template":"","format":"standard","meta":{"spay_email":"","footnotes":""},"categories":[37,8,48,52],"tags":[],"jetpack_featured_media_url":"https:\/\/i1.wp.com\/globalnewsmexico.com\/sitio\/wp-content\/uploads\/2020\/08\/2423279.jpg?fit=1040%2C780&ssl=1","jetpack_sharing_enabled":true,"jetpack_shortlink":"https:\/\/wp.me\/p9yqPL-dEt","jetpack_likes_enabled":true,"_links":{"self":[{"href":"https:\/\/globalnewsmexico.com\/sitio\/wp-json\/wp\/v2\/posts\/52481"}],"collection":[{"href":"https:\/\/globalnewsmexico.com\/sitio\/wp-json\/wp\/v2\/posts"}],"about":[{"href":"https:\/\/globalnewsmexico.com\/sitio\/wp-json\/wp\/v2\/types\/post"}],"author":[{"embeddable":true,"href":"https:\/\/globalnewsmexico.com\/sitio\/wp-json\/wp\/v2\/users\/5"}],"replies":[{"embeddable":true,"href":"https:\/\/globalnewsmexico.com\/sitio\/wp-json\/wp\/v2\/comments?post=52481"}],"version-history":[{"count":0,"href":"https:\/\/globalnewsmexico.com\/sitio\/wp-json\/wp\/v2\/posts\/52481\/revisions"}],"wp:featuredmedia":[{"embeddable":true,"href":"https:\/\/globalnewsmexico.com\/sitio\/wp-json\/wp\/v2\/media\/52482"}],"wp:attachment":[{"href":"https:\/\/globalnewsmexico.com\/sitio\/wp-json\/wp\/v2\/media?parent=52481"}],"wp:term":[{"taxonomy":"category","embeddable":true,"href":"https:\/\/globalnewsmexico.com\/sitio\/wp-json\/wp\/v2\/categories?post=52481"},{"taxonomy":"post_tag","embeddable":true,"href":"https:\/\/globalnewsmexico.com\/sitio\/wp-json\/wp\/v2\/tags?post=52481"}],"curies":[{"name":"wp","href":"https:\/\/api.w.org\/{rel}","templated":true}]}}