{"id":52496,"date":"2020-08-18T18:08:00","date_gmt":"2020-08-18T23:08:00","guid":{"rendered":"http:\/\/globalnewsmexico.com\/sitio\/?p=52496"},"modified":"2020-08-19T15:10:49","modified_gmt":"2020-08-19T20:10:49","slug":"reforma-integral-a-la-ley-del-cafe-impulsara-el-campo-veracruzano-nora-lagunes","status":"publish","type":"post","link":"https:\/\/globalnewsmexico.com\/sitio\/reforma-integral-a-la-ley-del-cafe-impulsara-el-campo-veracruzano-nora-lagunes\/","title":{"rendered":"Reforma integral a la Ley del caf\u00e9 impulsar\u00e1 el campo veracruzano: Nora Lagunes"},"content":{"rendered":"\n<p>La diputada Nora Jessica Lagunes J\u00e1uregui present\u00f3 a la Diputaci\u00f3n Permanente una iniciativa con proyecto de decreto que reforma y adiciona diversas disposiciones de la Ley para el Fomento, Desarrollo Sustentable, Producci\u00f3n, Distribuci\u00f3n y Comercializaci\u00f3n del Caf\u00e9 Veracruzano, a fin de establecer condiciones que fortalezcan la cadena agroalimentaria del caf\u00e9, sobre todo, en los sectores que lo requieren con mayor urgencia.<\/p>\n\n\n\n<p>En nombre de los diputados Raymundo Andrade Rivera, Rub\u00e9n R\u00edos Uribe, Jorge Moreno Salinas y Alexis S\u00e1nchez Garc\u00eda, integrantes de la Comisi\u00f3n Especial para la Atenci\u00f3n y Seguimiento del Cultivo, Transformaci\u00f3n, Procesamiento y Comercializaci\u00f3n del Caf\u00e9 Veracruzano, la legisladora subray\u00f3 que se prev\u00e9 establecer como objeto de la citada ley el fomento y promoci\u00f3n del sector cafetalero en la entidad.<\/p>\n\n\n\n<p>Durante su intervenci\u00f3n en la Primera Sesi\u00f3n Ordinaria del Segundo Receso del Segundo A\u00f1o de Ejercicio Constitucional, expuso que, adem\u00e1s de presentar las atribuciones de las secretar\u00edas que participar\u00e1n activamente en el cumplimiento, desde su marco de competencia, se anexa a la Secretar\u00eda de Medio Ambiente del Estado (Sedema), con la finalidad de promover estrategias amigables con el medio ambiente y que fortalezcan la sustentabilidad en el sector cafetalero.<\/p>\n\n\n\n<p>Por otra parte, detall\u00f3 que, para fortalecer la cadena agroalimentaria del caf\u00e9, por primera vez se tocan temas espec\u00edficos y relativos al proceso de producci\u00f3n, transformaci\u00f3n, comercializaci\u00f3n y promoci\u00f3n del caf\u00e9 veracruzano. \u201cComo un cap\u00edtulo especial se anexa el fomento a la producci\u00f3n de peque\u00f1a escala, ante una realidad innegable: el 95.4 por ciento de los productores de caf\u00e9 poseen menos de cinco hect\u00e1reas\u201d, explic\u00f3.<\/p>\n\n\n\n<p>Respecto a este apartado, la diputada Lagunes J\u00e1uregui propone un monitoreo de los precios en mercados nacionales e internacionales, oportunidades para los caf\u00e9s de especialidad de Veracruz y garantizar mayor competitividad para todos los sectores.<\/p>\n\n\n\n<p>Asimismo, se establece una regulaci\u00f3n espec\u00edfica para que, en las plantaciones de caf\u00e9 bajo sombra pueda promoverse la conservaci\u00f3n y el uso sustentable de la biodiversidad con \u00e9nfasis en los usos tradicionales, la diversificaci\u00f3n de cultivos asociados al caf\u00e9 y de pr\u00e1cticas productivas sustentables que permitan el mantenimiento de los servicios ambientales contemplados en la estrategia para la conservaci\u00f3n y el uso sustentable de la biodiversidad del estado de Veracruz.<\/p>\n\n\n\n<p>La legisladora a\u00f1adi\u00f3 que, con la pretensi\u00f3n de un nuevo actuar del servicio p\u00fablico, propone un Consejo Consultivo Tripartito que involucre a los tres sectores de la econom\u00eda: p\u00fablico, privado y social, ya que es a partir de este Consejo que se reformula el actuar del Instituto del Caf\u00e9 Veracruzano \u201cen el entendido de que no requerimos instituciones con marcos acotados de acci\u00f3n, sino establecer estrategias coordinadas entre las que ya existen y un cumplimiento cabal de sus atribuciones\u201d.<\/p>\n\n\n\n<p>La propuesta incluye que el Padr\u00f3n de Productores utilice pr\u00e1cticas estad\u00edsticas y geogr\u00e1ficas avanzadas y que funcione como una plataforma din\u00e1mica hacia el encuentro entre diferentes actores de la cadena agroalimentaria del caf\u00e9 y que permita una nueva relaci\u00f3n entre productores, agroindustriales y comercializadores.<\/p>\n\n\n\n<p>La diputada del Grupo Legislativo del PAN destac\u00f3 la creaci\u00f3n de un precio de referencia del caf\u00e9 en la entidad como un mecanismo de justicia social, as\u00ed como contemplar un cap\u00edtulo sobre la responsabilidad social para visibilizar el trabajo femenino y familiar en la producci\u00f3n del arom\u00e1tico.<\/p>\n\n\n\n<p>Por \u00faltimo, la legisladora record\u00f3 que esta propuesta es el resultado de un arduo trabajo realizado en conjunto con productores, integrantes de la academia y de diferentes dependencias relacionadas con el arom\u00e1tico, a quienes agradeci\u00f3 sus opiniones y aportaciones que \u2013dijo- sirvieron para la elaboraci\u00f3n de un documento s\u00f3lido y que, de aprobarse en breve, ser\u00e1 de gran beneficio para las y los veracruzanos.<\/p>\n\n\n\n<p>La iniciativa fue turnada, para su estudio y dictamen, a las Comisiones Permanentes Unidas de Desarrollo Agropecuario, Rural y Forestal y de Hacienda del Estado.<\/p>\n","protected":false},"excerpt":{"rendered":"<p>La diputada Nora Jessica Lagunes J\u00e1uregui present\u00f3 a la Diputaci\u00f3n Permanente una iniciativa con proyecto de decreto que reforma y adiciona diversas disposiciones de la Ley para el Fomento, Desarrollo Sustentable, Producci\u00f3n, Distribuci\u00f3n y Comercializaci\u00f3n del Caf\u00e9 Veracruzano, a fin de establecer condiciones que fortalezcan la cadena agroalimentaria del caf\u00e9, sobre todo, en los sectores<a class=\"read-more\" href=\"https:\/\/globalnewsmexico.com\/sitio\/reforma-integral-a-la-ley-del-cafe-impulsara-el-campo-veracruzano-nora-lagunes\/\">Leer m\u00e1s<\/a><\/p>\n","protected":false},"author":5,"featured_media":52505,"comment_status":"closed","ping_status":"open","sticky":false,"template":"","format":"standard","meta":{"spay_email":"","footnotes":""},"categories":[37,8,50,52],"tags":[],"jetpack_featured_media_url":"https:\/\/i2.wp.com\/globalnewsmexico.com\/sitio\/wp-content\/uploads\/2020\/08\/2-2.jpg?fit=1024%2C683&ssl=1","jetpack_sharing_enabled":true,"jetpack_shortlink":"https:\/\/wp.me\/p9yqPL-dEI","jetpack_likes_enabled":true,"_links":{"self":[{"href":"https:\/\/globalnewsmexico.com\/sitio\/wp-json\/wp\/v2\/posts\/52496"}],"collection":[{"href":"https:\/\/globalnewsmexico.com\/sitio\/wp-json\/wp\/v2\/posts"}],"about":[{"href":"https:\/\/globalnewsmexico.com\/sitio\/wp-json\/wp\/v2\/types\/post"}],"author":[{"embeddable":true,"href":"https:\/\/globalnewsmexico.com\/sitio\/wp-json\/wp\/v2\/users\/5"}],"replies":[{"embeddable":true,"href":"https:\/\/globalnewsmexico.com\/sitio\/wp-json\/wp\/v2\/comments?post=52496"}],"version-history":[{"count":0,"href":"https:\/\/globalnewsmexico.com\/sitio\/wp-json\/wp\/v2\/posts\/52496\/revisions"}],"wp:featuredmedia":[{"embeddable":true,"href":"https:\/\/globalnewsmexico.com\/sitio\/wp-json\/wp\/v2\/media\/52505"}],"wp:attachment":[{"href":"https:\/\/globalnewsmexico.com\/sitio\/wp-json\/wp\/v2\/media?parent=52496"}],"wp:term":[{"taxonomy":"category","embeddable":true,"href":"https:\/\/globalnewsmexico.com\/sitio\/wp-json\/wp\/v2\/categories?post=52496"},{"taxonomy":"post_tag","embeddable":true,"href":"https:\/\/globalnewsmexico.com\/sitio\/wp-json\/wp\/v2\/tags?post=52496"}],"curies":[{"name":"wp","href":"https:\/\/api.w.org\/{rel}","templated":true}]}}