{"id":52501,"date":"2020-08-18T19:29:25","date_gmt":"2020-08-19T00:29:25","guid":{"rendered":"http:\/\/globalnewsmexico.com\/sitio\/?p=52501"},"modified":"2020-08-18T19:29:32","modified_gmt":"2020-08-19T00:29:32","slug":"reconoce-diputada-a-pueblos-indigenas-y-juventud-por-su-conmemoracion","status":"publish","type":"post","link":"https:\/\/globalnewsmexico.com\/sitio\/reconoce-diputada-a-pueblos-indigenas-y-juventud-por-su-conmemoracion\/","title":{"rendered":"Reconoce diputada a pueblos ind\u00edgenas y juventud, por su conmemoraci\u00f3n"},"content":{"rendered":"\n<p>La diputada Adriana Esther Mart\u00ednez S\u00e1nchez present\u00f3 un pronunciamiento en la conmemoraci\u00f3n del D\u00eda Internacional de los Pueblos Ind\u00edgenas y del D\u00eda Internacional de la Juventud, que se celebran los d\u00edas 9 y 12 de agosto de cada a\u00f1o, respectivamente.<\/p>\n\n\n\n<p>En su discurso, la legisladora destac\u00f3 la importancia de los pueblos originarios en la conformaci\u00f3n de la identidad M\u00e9xico y reconoci\u00f3 la gran labor que realizan en el fortalecimiento de su derecho a la libre autodeterminaci\u00f3n sobre sus usos y costumbres que recaen sobre el desenvolvimiento de sus instituciones pol\u00edticas, sociales y culturales.<\/p>\n\n\n\n<p>\u201cEs importante generar una deconstrucci\u00f3n social sobre la visualizaci\u00f3n que tenemos acerca de nuestros pueblos y comunidades ind\u00edgenas. Ejemplo de ello ser\u00eda observar las artesan\u00edas como producto del ingenio tradicional, como dignas obras de arte de M\u00e9xico, como es el caso de los muralistas y escultores\u201d, puntualiz\u00f3 Mart\u00ednez S\u00e1nchez.<\/p>\n\n\n\n<p>Al se\u00f1alar que en estas comunidades habitan personas j\u00f3venes de entre 12 y 29 a\u00f1os de edad, consider\u00f3 importante visibilizar el papel que las juventudes en el sustento de las tradiciones del pa\u00eds, por lo que expres\u00f3 su felicitaci\u00f3n a este sector social de M\u00e9xico y de Veracruz.<\/p>\n\n\n\n<p>\u201cAl considerarse la juventud un sector fundamental para el desarrollo de nuestro pa\u00eds, es importante que el Estado mexicano tome las medidas necesarias para el reconocimiento efectivo de sus derechos civiles, pol\u00edticos, econ\u00f3micos, sociales y culturales\u201d, dijo.<\/p>\n\n\n\n<p>Finalmente, la representante del Distrito VII de Mart\u00ednez de la Torre, refiri\u00f3 que en el Plan Veracruzano de Desarrollo se procura dar garant\u00eda y protecci\u00f3n a los derechos de los Pueblos Originarios, como parte fundamental de la agenda p\u00fablica del gobierno estatal; asimismo, abrir espacios de participaci\u00f3n para la juventud veracruzana para el libre desarrollo de la personalidad con base en los principios de respeto e igualdad.<\/p>\n","protected":false},"excerpt":{"rendered":"<p>La diputada Adriana Esther Mart\u00ednez S\u00e1nchez present\u00f3 un pronunciamiento en la conmemoraci\u00f3n del D\u00eda Internacional de los Pueblos Ind\u00edgenas y del D\u00eda Internacional de la Juventud, que se celebran los d\u00edas 9 y 12 de agosto de cada a\u00f1o, respectivamente. En su discurso, la legisladora destac\u00f3 la importancia de los pueblos originarios en la conformaci\u00f3n<a class=\"read-more\" href=\"https:\/\/globalnewsmexico.com\/sitio\/reconoce-diputada-a-pueblos-indigenas-y-juventud-por-su-conmemoracion\/\">Leer m\u00e1s<\/a><\/p>\n","protected":false},"author":5,"featured_media":52513,"comment_status":"closed","ping_status":"open","sticky":false,"template":"","format":"standard","meta":{"spay_email":"","footnotes":""},"categories":[37,8,50,52],"tags":[],"jetpack_featured_media_url":"https:\/\/i0.wp.com\/globalnewsmexico.com\/sitio\/wp-content\/uploads\/2020\/08\/7.jpg?fit=1024%2C683&ssl=1","jetpack_sharing_enabled":true,"jetpack_shortlink":"https:\/\/wp.me\/p9yqPL-dEN","jetpack_likes_enabled":true,"_links":{"self":[{"href":"https:\/\/globalnewsmexico.com\/sitio\/wp-json\/wp\/v2\/posts\/52501"}],"collection":[{"href":"https:\/\/globalnewsmexico.com\/sitio\/wp-json\/wp\/v2\/posts"}],"about":[{"href":"https:\/\/globalnewsmexico.com\/sitio\/wp-json\/wp\/v2\/types\/post"}],"author":[{"embeddable":true,"href":"https:\/\/globalnewsmexico.com\/sitio\/wp-json\/wp\/v2\/users\/5"}],"replies":[{"embeddable":true,"href":"https:\/\/globalnewsmexico.com\/sitio\/wp-json\/wp\/v2\/comments?post=52501"}],"version-history":[{"count":0,"href":"https:\/\/globalnewsmexico.com\/sitio\/wp-json\/wp\/v2\/posts\/52501\/revisions"}],"wp:featuredmedia":[{"embeddable":true,"href":"https:\/\/globalnewsmexico.com\/sitio\/wp-json\/wp\/v2\/media\/52513"}],"wp:attachment":[{"href":"https:\/\/globalnewsmexico.com\/sitio\/wp-json\/wp\/v2\/media?parent=52501"}],"wp:term":[{"taxonomy":"category","embeddable":true,"href":"https:\/\/globalnewsmexico.com\/sitio\/wp-json\/wp\/v2\/categories?post=52501"},{"taxonomy":"post_tag","embeddable":true,"href":"https:\/\/globalnewsmexico.com\/sitio\/wp-json\/wp\/v2\/tags?post=52501"}],"curies":[{"name":"wp","href":"https:\/\/api.w.org\/{rel}","templated":true}]}}