{"id":52521,"date":"2020-08-18T20:16:45","date_gmt":"2020-08-19T01:16:45","guid":{"rendered":"http:\/\/globalnewsmexico.com\/sitio\/?p=52521"},"modified":"2020-08-19T15:17:44","modified_gmt":"2020-08-19T20:17:44","slug":"nombrara-congreso-nueva-presidenta-municipal-de-moloacan","status":"publish","type":"post","link":"https:\/\/globalnewsmexico.com\/sitio\/nombrara-congreso-nueva-presidenta-municipal-de-moloacan\/","title":{"rendered":"Nombrar\u00e1 Congreso nueva presidenta municipal de Moloac\u00e1n"},"content":{"rendered":"\n<p>La Diputaci\u00f3n Permanente de la LXV Legislatura del Estado, presidida por el diputado Rub\u00e9n R\u00edos Uribe, determin\u00f3, por obvia resoluci\u00f3n, llamar a la ciudadana Mar\u00eda del Carmen Prieto Mortera para que asuma la presidencia municipal de Moloac\u00e1n, Veracruz, ante el fallecimiento de la presidenta municipal propietaria de ese lugar, Victoria Rasgado P\u00e9rez.<\/p>\n\n\n\n<p>En el desahogo de los temas de correspondencia, de la Primera Sesi\u00f3n Ordinaria del Segundo Receso, y tras el informe de la diputada Brianda Kristel Hern\u00e1ndez Topete, en funciones de secretaria de la Mesa Directiva, el legislador R\u00edos Uribe puso a votaci\u00f3n de la Diputaci\u00f3n Permanente este punto, mismo que fue avalado por unanimidad.<\/p>\n\n\n\n<p>En tanto, se remiti\u00f3 a las Comisiones Permanentes Unidas de Hacienda Municipal, y de Agua Potable y Saneamiento, la solicitud de ciudadanos del municipio de Boca del R\u00edo que solicitan a este Poder decrete la extinci\u00f3n de la concesi\u00f3n otorgada a la empresa, de nombre comercial Grupo CAB, por las quejas del servicio prestado en el suministro de agua.<\/p>\n\n\n\n<p>Las comisiones legislativas antes citadas tambi\u00e9n atender\u00e1n la petici\u00f3n de los ciudadanos de Veracruz y Medell\u00edn, que piden sea decretada la extinci\u00f3n de la concesi\u00f3n otorgada a la empresa, denominada comercialmente GRUPO M\u00c1S, por las quejas del servicio prestado.<\/p>\n\n\n\n<p>Por otra parte y para efectos de lo se\u00f1alado en los art\u00edculos 36 de la Constituci\u00f3n Pol\u00edtica del Estado, y 50 de la Ley Org\u00e1nica de este Poder Legislativo, este Congreso recibi\u00f3 del gobernador Cuitl\u00e1huac Garc\u00eda Jim\u00e9nez el decreto n\u00famero 582 que reforma, deroga y adiciona diversas disposiciones de la Ley de Acceso de las Mujeres a una Vida Libre de Violencia, la Ley de Responsabilidades Administrativas, la Ley Org\u00e1nica del Poder Judicial, la Ley Org\u00e1nica de la Fiscal\u00eda General y el C\u00f3digo Penal, ordenamientos todos del Estado de Veracruz, en materia de paridad de g\u00e9nero y violencia pol\u00edtica contra las mujeres en raz\u00f3n de g\u00e9nero.<\/p>\n\n\n\n<p>Por ende, este decreto fue depositado en la Secretar\u00eda General de este Congreso para su posterior discusi\u00f3n en alguna sesi\u00f3n.<\/p>\n","protected":false},"excerpt":{"rendered":"<p>La Diputaci\u00f3n Permanente de la LXV Legislatura del Estado, presidida por el diputado Rub\u00e9n R\u00edos Uribe, determin\u00f3, por obvia resoluci\u00f3n, llamar a la ciudadana Mar\u00eda del Carmen Prieto Mortera para que asuma la presidencia municipal de Moloac\u00e1n, Veracruz, ante el fallecimiento de la presidenta municipal propietaria de ese lugar, Victoria Rasgado P\u00e9rez. En el desahogo<a class=\"read-more\" href=\"https:\/\/globalnewsmexico.com\/sitio\/nombrara-congreso-nueva-presidenta-municipal-de-moloacan\/\">Leer m\u00e1s<\/a><\/p>\n","protected":false},"author":5,"featured_media":52523,"comment_status":"closed","ping_status":"open","sticky":false,"template":"","format":"standard","meta":{"spay_email":"","footnotes":""},"categories":[37,8,50,52],"tags":[],"jetpack_featured_media_url":"https:\/\/i2.wp.com\/globalnewsmexico.com\/sitio\/wp-content\/uploads\/2020\/08\/11.jpg?fit=1024%2C683&ssl=1","jetpack_sharing_enabled":true,"jetpack_shortlink":"https:\/\/wp.me\/p9yqPL-dF7","jetpack_likes_enabled":true,"_links":{"self":[{"href":"https:\/\/globalnewsmexico.com\/sitio\/wp-json\/wp\/v2\/posts\/52521"}],"collection":[{"href":"https:\/\/globalnewsmexico.com\/sitio\/wp-json\/wp\/v2\/posts"}],"about":[{"href":"https:\/\/globalnewsmexico.com\/sitio\/wp-json\/wp\/v2\/types\/post"}],"author":[{"embeddable":true,"href":"https:\/\/globalnewsmexico.com\/sitio\/wp-json\/wp\/v2\/users\/5"}],"replies":[{"embeddable":true,"href":"https:\/\/globalnewsmexico.com\/sitio\/wp-json\/wp\/v2\/comments?post=52521"}],"version-history":[{"count":0,"href":"https:\/\/globalnewsmexico.com\/sitio\/wp-json\/wp\/v2\/posts\/52521\/revisions"}],"wp:featuredmedia":[{"embeddable":true,"href":"https:\/\/globalnewsmexico.com\/sitio\/wp-json\/wp\/v2\/media\/52523"}],"wp:attachment":[{"href":"https:\/\/globalnewsmexico.com\/sitio\/wp-json\/wp\/v2\/media?parent=52521"}],"wp:term":[{"taxonomy":"category","embeddable":true,"href":"https:\/\/globalnewsmexico.com\/sitio\/wp-json\/wp\/v2\/categories?post=52521"},{"taxonomy":"post_tag","embeddable":true,"href":"https:\/\/globalnewsmexico.com\/sitio\/wp-json\/wp\/v2\/tags?post=52521"}],"curies":[{"name":"wp","href":"https:\/\/api.w.org\/{rel}","templated":true}]}}