{"id":52559,"date":"2020-08-19T14:57:17","date_gmt":"2020-08-19T19:57:17","guid":{"rendered":"http:\/\/globalnewsmexico.com\/sitio\/?p=52559"},"modified":"2020-08-19T14:57:22","modified_gmt":"2020-08-19T19:57:22","slug":"juez-de-ee-uu-envia-a-juicio-a-lider-de-la-luz-del-mundo","status":"publish","type":"post","link":"https:\/\/globalnewsmexico.com\/sitio\/juez-de-ee-uu-envia-a-juicio-a-lider-de-la-luz-del-mundo\/","title":{"rendered":"Juez de EE. UU. env\u00eda a juicio a l\u00edder de La Luz del Mundo"},"content":{"rendered":"\n<p>Un juez de la Corte Superior de Los \u00c1ngeles, California, en Estados Unidos, hall\u00f3 pruebas suficientes para\u00a0enviar a juicio\u00a0a\u00a0Naas\u00f3n Joaqu\u00edn Garc\u00eda, l\u00edder de La Luz del Mundo, y otros dos integrantes de la organizaci\u00f3n religiosa, por el caso que contempla 36 cargos de abuso sexual y violaci\u00f3n, entre otros.<\/p>\n\n\n\n<p>El magistrado Ronald S. Coen dio la orden este mi\u00e9rcoles para el juicio contra el l\u00edder de\u00a0La Luz del Mundo\u00a0por las casi dos docenas de cargos penales, la cuales incluyen tambi\u00e9n la violaci\u00f3n forzada de un menor, delitos que presuntamente fueron cometidos al sur California.<\/p>\n\n\n\n<p>La decisi\u00f3n fue tomada tras\u00a0casi dos semanas de audiencia, en la que se presentaron testigos, junto con informaci\u00f3n recavada desde el tel\u00e9fono celular que le fue confiscado a Naas\u00f3n Joaqu\u00edn Garc\u00eda cuando fue detenido en Los \u00c1ngeles,\u00a0el 3 de junio de 2019.<\/p>\n\n\n\n<p>Joaqu\u00edn Garc\u00eda, de 51 a\u00f1os, es acusado de 23 delitos graves, incluida la violaci\u00f3n forzada de un menor, copulaci\u00f3n oral forzada de un menor, relaciones sexuales ilegales, acto lascivo con un ni\u00f1o, extorsi\u00f3n, conspiraci\u00f3n y posesi\u00f3n de pornograf\u00eda infantil.<\/p>\n\n\n\n<p>Una corte de Los \u00c1ngeles impuso el 6 de agosto una fianza de 90 millones d\u00f3lares para el l\u00edder de La Luz del Mundo, lo cual fue calificado por sus seguidores y representantes como una \u201csentencia anticipada\u201d.<\/p>\n\n\n\n<p>La defensa de Naas\u00f3n Joaqu\u00edn Garc\u00eda hab\u00eda tratado de que se anulara el caso por errores en el procedimiento, llev\u00e1ndolo ante la Corte de Apelaciones del Segundo Distrito de California, que en abril desestim\u00f3 el proceso penal por una falla t\u00e9cnica y por lo cual sus abogados esperaban su liberaci\u00f3n, teniendo como factor la pandemia de\u00a0coronavirus.<\/p>\n\n\n\n<p>La oficina del fiscal estatal Xavier Becerra present\u00f3 nuevamente la acusaci\u00f3n elevando a 36 el n\u00famero de cargos contra Naas\u00f3n Joaqu\u00edn Garc\u00eda y sus dos c\u00f3mplices\u00a0Alondra Ocampo, de 37 a\u00f1os, y\u00a0Susana Medina Oaxaca, de 25 a\u00f1os.<\/p>\n\n\n\n<p>La nueva acusaci\u00f3n cita a cinco v\u00edctimas, una de ellas identificada como Jane Doe 5, que habr\u00eda sido abusada sexualmente en febrero de 2016.<\/p>\n\n\n\n<p>La denuncia tambi\u00e9n acusa a Ocampo de supuestamente pedir a menores de edad que se desnudaran y tomaran fotograf\u00edas de sus genitales para enviarlas a Naas\u00f3n Joaqu\u00edn Garc\u00eda.<\/p>\n\n\n\n<p>Entre septiembre de 2017 y enero de 2018, Ocampo llev\u00f3 a tres ni\u00f1as a un edificio de oficinas y \u00ables proporcion\u00f3 trajes de colegiala, les orden\u00f3 que se tocaran los senos y las nalgas, y se tomaron fotos de ellas al hacerlo\u00bb, asegura la denuncia.<\/p>\n\n\n\n<p>Ocampo est\u00e1 acusada de 27 delitos graves, que incluyen violaci\u00f3n forzada de un menor, penetraci\u00f3n sexual forzada, tr\u00e1fico de personas mediante la adquisici\u00f3n de un ni\u00f1o para que participe en un acto lascivo, producci\u00f3n y distribuci\u00f3n de pornograf\u00eda infantil, entre otros.<\/p>\n\n\n\n<p>Por su parte, Medina Oaxaca enfrenta dos delitos graves de copulaci\u00f3n oral forzada. Una cuarta acusada en el caso, Azalea Rangel Mel\u00e9ndez, enfrenta una orden de b\u00fasqueda y captura.<\/p>\n\n\n\n<p>El pr\u00f3ximo 1 de septiembre Joaqu\u00edn Garc\u00eda, Ocampo y Medina Oaxaca regresar\u00e1n a corte para su audiencia de declaraci\u00f3n de culpabilidad.<\/p>\n\n\n\n<p>Fuente: Agencias<\/p>\n","protected":false},"excerpt":{"rendered":"<p>Un juez de la Corte Superior de Los \u00c1ngeles, California, en Estados Unidos, hall\u00f3 pruebas suficientes para\u00a0enviar a juicio\u00a0a\u00a0Naas\u00f3n Joaqu\u00edn Garc\u00eda, l\u00edder de La Luz del Mundo, y otros dos integrantes de la organizaci\u00f3n religiosa, por el caso que contempla 36 cargos de abuso sexual y violaci\u00f3n, entre otros. El magistrado Ronald S. Coen dio<a class=\"read-more\" href=\"https:\/\/globalnewsmexico.com\/sitio\/juez-de-ee-uu-envia-a-juicio-a-lider-de-la-luz-del-mundo\/\">Leer m\u00e1s<\/a><\/p>\n","protected":false},"author":5,"featured_media":52560,"comment_status":"closed","ping_status":"open","sticky":false,"template":"","format":"standard","meta":{"spay_email":"","footnotes":""},"categories":[37,8,40,52],"tags":[],"jetpack_featured_media_url":"https:\/\/i1.wp.com\/globalnewsmexico.com\/sitio\/wp-content\/uploads\/2020\/08\/naason-joaquin-garcia-lider-iglesia-1_0_18_800_497.jpg?fit=958%2C596&ssl=1","jetpack_sharing_enabled":true,"jetpack_shortlink":"https:\/\/wp.me\/p9yqPL-dFJ","jetpack_likes_enabled":true,"_links":{"self":[{"href":"https:\/\/globalnewsmexico.com\/sitio\/wp-json\/wp\/v2\/posts\/52559"}],"collection":[{"href":"https:\/\/globalnewsmexico.com\/sitio\/wp-json\/wp\/v2\/posts"}],"about":[{"href":"https:\/\/globalnewsmexico.com\/sitio\/wp-json\/wp\/v2\/types\/post"}],"author":[{"embeddable":true,"href":"https:\/\/globalnewsmexico.com\/sitio\/wp-json\/wp\/v2\/users\/5"}],"replies":[{"embeddable":true,"href":"https:\/\/globalnewsmexico.com\/sitio\/wp-json\/wp\/v2\/comments?post=52559"}],"version-history":[{"count":0,"href":"https:\/\/globalnewsmexico.com\/sitio\/wp-json\/wp\/v2\/posts\/52559\/revisions"}],"wp:featuredmedia":[{"embeddable":true,"href":"https:\/\/globalnewsmexico.com\/sitio\/wp-json\/wp\/v2\/media\/52560"}],"wp:attachment":[{"href":"https:\/\/globalnewsmexico.com\/sitio\/wp-json\/wp\/v2\/media?parent=52559"}],"wp:term":[{"taxonomy":"category","embeddable":true,"href":"https:\/\/globalnewsmexico.com\/sitio\/wp-json\/wp\/v2\/categories?post=52559"},{"taxonomy":"post_tag","embeddable":true,"href":"https:\/\/globalnewsmexico.com\/sitio\/wp-json\/wp\/v2\/tags?post=52559"}],"curies":[{"name":"wp","href":"https:\/\/api.w.org\/{rel}","templated":true}]}}