{"id":52571,"date":"2020-08-19T16:57:24","date_gmt":"2020-08-19T21:57:24","guid":{"rendered":"http:\/\/globalnewsmexico.com\/sitio\/?p=52571"},"modified":"2020-08-19T16:57:28","modified_gmt":"2020-08-19T21:57:28","slug":"se-desploman-ventas-en-el-tianguis-de-fortin","status":"publish","type":"post","link":"https:\/\/globalnewsmexico.com\/sitio\/se-desploman-ventas-en-el-tianguis-de-fortin\/","title":{"rendered":"Se desploman ventas en el tianguis de Fort\u00edn"},"content":{"rendered":"\n<p>Hasta un 70 por ciento han ca\u00eddo las ventas en el Tianguis Siglo XXI de Fort\u00edn debido a la pandemia del coronavirus, dijo el l\u00edder tianguista, Raymundo D\u00edaz Mota.<\/p>\n\n\n\n<p>Si bien dijo, antes de la pandemia ya tra\u00edan la cuesta de enero con una ca\u00edda de ventas del 25 por ciento, por lo que se acumul\u00f3 una ca\u00edda de hasta un 70 por ciento.<\/p>\n\n\n\n<p>\u00abAlgunos comerciantes simplemente vendieron parte de su patrimonio y ya no est\u00e1n regresando con nosotros, de hecho el tianguis no est\u00e1 al cien por ciento por los compromisos que tenemos de reducir espacios\u00bb, explic\u00f3.<\/p>\n\n\n\n<p>A\u00f1adi\u00f3 que referente al tianguis siglo XXl de los 200 comerciantes que son, s\u00f3lo est\u00e1n trabajando alrededor del 30 por ciento es decir, solamente 60 locales laborando.<\/p>\n\n\n\n<p>\u00abHay que cuidar la salud, pero tambi\u00e9n hay que cuidar la salud econ\u00f3mica, ya que desafortunadamente hay personas que van al d\u00eda que no tienen seguro de desempleo y mucho menos el gobierno del estado ha mostrado sensibilidad para exentar alg\u00fanos meses de pago como de servicios , la realidad es que los pagos siguen igual\u00bb<\/p>\n\n\n\n<p>Finalmente record\u00f3 que tienen un horario laboral recortado de 7 de la ma\u00f1ana a 4 de la tarde y ante el incremento que ha visto de precios en la tela y botones, el tianguis siglo XXl sigue manteniendo sus precios iguales.<\/p>\n","protected":false},"excerpt":{"rendered":"<p>Hasta un 70 por ciento han ca\u00eddo las ventas en el Tianguis Siglo XXI de Fort\u00edn debido a la pandemia del coronavirus, dijo el l\u00edder tianguista, Raymundo D\u00edaz Mota. Si bien dijo, antes de la pandemia ya tra\u00edan la cuesta de enero con una ca\u00edda de ventas del 25 por ciento, por lo que se<a class=\"read-more\" href=\"https:\/\/globalnewsmexico.com\/sitio\/se-desploman-ventas-en-el-tianguis-de-fortin\/\">Leer m\u00e1s<\/a><\/p>\n","protected":false},"author":5,"featured_media":52573,"comment_status":"closed","ping_status":"open","sticky":false,"template":"","format":"standard","meta":{"spay_email":"","footnotes":""},"categories":[37,8,50,52],"tags":[],"jetpack_featured_media_url":"https:\/\/i0.wp.com\/globalnewsmexico.com\/sitio\/wp-content\/uploads\/2020\/08\/b58de72e-53dc-4734-9f7f-d0961dcff146.jpg?fit=1040%2C780&ssl=1","jetpack_sharing_enabled":true,"jetpack_shortlink":"https:\/\/wp.me\/p9yqPL-dFV","jetpack_likes_enabled":true,"_links":{"self":[{"href":"https:\/\/globalnewsmexico.com\/sitio\/wp-json\/wp\/v2\/posts\/52571"}],"collection":[{"href":"https:\/\/globalnewsmexico.com\/sitio\/wp-json\/wp\/v2\/posts"}],"about":[{"href":"https:\/\/globalnewsmexico.com\/sitio\/wp-json\/wp\/v2\/types\/post"}],"author":[{"embeddable":true,"href":"https:\/\/globalnewsmexico.com\/sitio\/wp-json\/wp\/v2\/users\/5"}],"replies":[{"embeddable":true,"href":"https:\/\/globalnewsmexico.com\/sitio\/wp-json\/wp\/v2\/comments?post=52571"}],"version-history":[{"count":0,"href":"https:\/\/globalnewsmexico.com\/sitio\/wp-json\/wp\/v2\/posts\/52571\/revisions"}],"wp:featuredmedia":[{"embeddable":true,"href":"https:\/\/globalnewsmexico.com\/sitio\/wp-json\/wp\/v2\/media\/52573"}],"wp:attachment":[{"href":"https:\/\/globalnewsmexico.com\/sitio\/wp-json\/wp\/v2\/media?parent=52571"}],"wp:term":[{"taxonomy":"category","embeddable":true,"href":"https:\/\/globalnewsmexico.com\/sitio\/wp-json\/wp\/v2\/categories?post=52571"},{"taxonomy":"post_tag","embeddable":true,"href":"https:\/\/globalnewsmexico.com\/sitio\/wp-json\/wp\/v2\/tags?post=52571"}],"curies":[{"name":"wp","href":"https:\/\/api.w.org\/{rel}","templated":true}]}}