{"id":52622,"date":"2020-08-20T15:18:00","date_gmt":"2020-08-20T20:18:00","guid":{"rendered":"http:\/\/globalnewsmexico.com\/sitio\/?p=52622"},"modified":"2020-08-20T15:18:06","modified_gmt":"2020-08-20T20:18:06","slug":"sfp-inhabilita-por-2-anos-a-editorial-de-revista-nexos","status":"publish","type":"post","link":"https:\/\/globalnewsmexico.com\/sitio\/sfp-inhabilita-por-2-anos-a-editorial-de-revista-nexos\/","title":{"rendered":"SFP inhabilita por 2 a\u00f1os a editorial de revista &#8216;Nexos&#8217;"},"content":{"rendered":"\n<p>La\u00a0Secretar\u00eda de la Funci\u00f3n P\u00fablica (SFP) inhabilit\u00f3 a la editorial Nexos Sociedad, Ciencia y Literatura, la cual pertenece la revista\u00a0Nexos.<\/p>\n\n\n\n<p>De acuerdo con la circular emitida este jueves 20 de agosto en el Diario Oficial de la Federaci\u00f3n, la editorial fue inhabilitada\u00a0por un plazo de dos a\u00f1os, adem\u00e1s, refiere que dependencias y entidades de la Administraci\u00f3n P\u00fablica Federal, empresas productivas del Estado y entidades federativas deber\u00e1n abstenerse de aceptar propuestas o celebrar contratos con la firma.<\/p>\n\n\n\n<p>\u00abSe resolvi\u00f3 el procedimiento administrativo de&nbsp;sanci\u00f3n incoado a la empresa&nbsp;NEXOS SOCIEDAD, CIENCIA Y LITERATURA, S.A. DE C.V.,&nbsp;esta Autoridad&nbsp;Administrativa hace de su conocimiento que a partir del d\u00eda siguiente al en que se publique la presente&nbsp;Circular en el Diario Oficial de la Federaci\u00f3n, deber\u00e1n abstenerse de recibir propuestas o celebrar contrato&nbsp;alguno sobre las materias de adquisiciones, arrendamientos, servicios, obras p\u00fablicas y servicios relacionados&nbsp;con las mismas, con dicha moral, de manera directa o por interp\u00f3sita persona, por el plazo de&nbsp;DOS A\u00d1OS;&nbsp;en&nbsp;caso de que al d\u00eda en que se cumpla el plazo de inhabilitaci\u00f3n, la empresa&nbsp;NEXOS SOCIEDAD, CIENCIA Y&nbsp;LITERATURA, S.A. DE C.V.&nbsp;no haya pagado la multa impuesta a trav\u00e9s de la citada resoluci\u00f3n, la&nbsp;inhabilitaci\u00f3n subsistir\u00e1 hasta que se realice el pago correspondiente de la misma\u00bb, se lee en el DOF.<\/p>\n\n\n\n<p>Sin embargo,&nbsp;la sanci\u00f3n no aplica a aquellos acuerdos que ya hayan sido adjudicados o formalizados.&nbsp;<\/p>\n\n\n\n<p>\u00abLos contratos adjudicados y los que actualmente se tengan\u00a0formalizados con la mencionada infractora, no quedar\u00e1n comprendidos en la aplicaci\u00f3n de la presente\u00a0Circular\u00bb.<\/p>\n\n\n\n<p>Fuente: Xeu Noticias<\/p>\n","protected":false},"excerpt":{"rendered":"<p>La\u00a0Secretar\u00eda de la Funci\u00f3n P\u00fablica (SFP) inhabilit\u00f3 a la editorial Nexos Sociedad, Ciencia y Literatura, la cual pertenece la revista\u00a0Nexos. De acuerdo con la circular emitida este jueves 20 de agosto en el Diario Oficial de la Federaci\u00f3n, la editorial fue inhabilitada\u00a0por un plazo de dos a\u00f1os, adem\u00e1s, refiere que dependencias y entidades de la<a class=\"read-more\" href=\"https:\/\/globalnewsmexico.com\/sitio\/sfp-inhabilita-por-2-anos-a-editorial-de-revista-nexos\/\">Leer m\u00e1s<\/a><\/p>\n","protected":false},"author":5,"featured_media":52623,"comment_status":"closed","ping_status":"open","sticky":false,"template":"","format":"standard","meta":{"spay_email":"","footnotes":""},"categories":[37,8,49,52],"tags":[],"jetpack_featured_media_url":"https:\/\/i0.wp.com\/globalnewsmexico.com\/sitio\/wp-content\/uploads\/2020\/08\/1117161.jpg?fit=1024%2C526&ssl=1","jetpack_sharing_enabled":true,"jetpack_shortlink":"https:\/\/wp.me\/p9yqPL-dGK","jetpack_likes_enabled":true,"_links":{"self":[{"href":"https:\/\/globalnewsmexico.com\/sitio\/wp-json\/wp\/v2\/posts\/52622"}],"collection":[{"href":"https:\/\/globalnewsmexico.com\/sitio\/wp-json\/wp\/v2\/posts"}],"about":[{"href":"https:\/\/globalnewsmexico.com\/sitio\/wp-json\/wp\/v2\/types\/post"}],"author":[{"embeddable":true,"href":"https:\/\/globalnewsmexico.com\/sitio\/wp-json\/wp\/v2\/users\/5"}],"replies":[{"embeddable":true,"href":"https:\/\/globalnewsmexico.com\/sitio\/wp-json\/wp\/v2\/comments?post=52622"}],"version-history":[{"count":0,"href":"https:\/\/globalnewsmexico.com\/sitio\/wp-json\/wp\/v2\/posts\/52622\/revisions"}],"wp:featuredmedia":[{"embeddable":true,"href":"https:\/\/globalnewsmexico.com\/sitio\/wp-json\/wp\/v2\/media\/52623"}],"wp:attachment":[{"href":"https:\/\/globalnewsmexico.com\/sitio\/wp-json\/wp\/v2\/media?parent=52622"}],"wp:term":[{"taxonomy":"category","embeddable":true,"href":"https:\/\/globalnewsmexico.com\/sitio\/wp-json\/wp\/v2\/categories?post=52622"},{"taxonomy":"post_tag","embeddable":true,"href":"https:\/\/globalnewsmexico.com\/sitio\/wp-json\/wp\/v2\/tags?post=52622"}],"curies":[{"name":"wp","href":"https:\/\/api.w.org\/{rel}","templated":true}]}}