{"id":52638,"date":"2020-08-21T09:29:42","date_gmt":"2020-08-21T14:29:42","guid":{"rendered":"http:\/\/globalnewsmexico.com\/sitio\/?p=52638"},"modified":"2020-08-21T09:29:46","modified_gmt":"2020-08-21T14:29:46","slug":"que-david-leon-y-mi-hermano-sean-llamados-a-declarar-lopez-obrador","status":"publish","type":"post","link":"https:\/\/globalnewsmexico.com\/sitio\/que-david-leon-y-mi-hermano-sean-llamados-a-declarar-lopez-obrador\/","title":{"rendered":"Que David Le\u00f3n y mi hermano sean llamados a declarar: L\u00f3pez Obrador"},"content":{"rendered":"\n<p>El presidente Andr\u00e9s Manuel L\u00f3pez Obrador propuso a la Fiscal\u00eda General de la Rep\u00fablica (FGR), que tome en sus manos la investigaci\u00f3n acerca de dos videos y una grabaci\u00f3n de audio difundidos el jueves, en los que se ve a su hermano P\u00edo recibir dinero de David Le\u00f3n.<\/p>\n\n\n\n<p>\u201cLos videos deben entregarse a la Fiscal\u00eda de la Rep\u00fablica (&#8230;) nada tiene que ver este video con la elecci\u00f3n presidencial de 2018, para que no vaya a haber malas interpretaciones\u201d, sentenci\u00f3 el presidente en rueda de prensa en Aguascalientes.<\/p>\n\n\n\n<p>Cuestionado sobre los videos que\u00a0datan de junio de 2015,\u00a0insisti\u00f3 en que deben citarse a declarar a los implicados, e incluso si es necesario \u00e9l mismo acudir\u00eda si es citado.<\/p>\n\n\n\n<p>\u201cQue se llame a declarar a los implicados\u201d (&#8230;) \u201cTienen que llamar a declarar a mi hermano a David Le\u00f3n y a los expresidentes (por caso Lozoya). A pesar de que estoy protegido por el fuero, estar\u00eda dispuesto a declarar\u201d, reiter\u00f3 L\u00f3pez Obrador.<\/p>\n\n\n\n<p>Coment\u00f3 que desconoce si el dinero entregado por Le\u00f3n a su hermano fue ingresado a Morena, ni por qu\u00e9 se entreg\u00f3 en bolsas de papel y no por dep\u00f3sito bancario.<\/p>\n\n\n\n<p>L\u00f3pez Obrador estableci\u00f3 que el propio Le\u00f3n le inform\u00f3 desde hace cinco d\u00edas que los videos ser\u00edan difundidos, y por ello no tom\u00f3 la direcci\u00f3n de la empresa de reparto de medicamentos a nivel nacional.<\/p>\n\n\n\n<p>Fuente: Exc\u00e9lsior<\/p>\n","protected":false},"excerpt":{"rendered":"<p>El presidente Andr\u00e9s Manuel L\u00f3pez Obrador propuso a la Fiscal\u00eda General de la Rep\u00fablica (FGR), que tome en sus manos la investigaci\u00f3n acerca de dos videos y una grabaci\u00f3n de audio difundidos el jueves, en los que se ve a su hermano P\u00edo recibir dinero de David Le\u00f3n. \u201cLos videos deben entregarse a la Fiscal\u00eda<a class=\"read-more\" href=\"https:\/\/globalnewsmexico.com\/sitio\/que-david-leon-y-mi-hermano-sean-llamados-a-declarar-lopez-obrador\/\">Leer m\u00e1s<\/a><\/p>\n","protected":false},"author":5,"featured_media":52639,"comment_status":"closed","ping_status":"open","sticky":false,"template":"","format":"standard","meta":{"spay_email":"","footnotes":""},"categories":[37,8,39,52],"tags":[],"jetpack_featured_media_url":"https:\/\/i1.wp.com\/globalnewsmexico.com\/sitio\/wp-content\/uploads\/2020\/08\/Captura-5.jpg?fit=1040%2C590&ssl=1","jetpack_sharing_enabled":true,"jetpack_shortlink":"https:\/\/wp.me\/p9yqPL-dH0","jetpack_likes_enabled":true,"_links":{"self":[{"href":"https:\/\/globalnewsmexico.com\/sitio\/wp-json\/wp\/v2\/posts\/52638"}],"collection":[{"href":"https:\/\/globalnewsmexico.com\/sitio\/wp-json\/wp\/v2\/posts"}],"about":[{"href":"https:\/\/globalnewsmexico.com\/sitio\/wp-json\/wp\/v2\/types\/post"}],"author":[{"embeddable":true,"href":"https:\/\/globalnewsmexico.com\/sitio\/wp-json\/wp\/v2\/users\/5"}],"replies":[{"embeddable":true,"href":"https:\/\/globalnewsmexico.com\/sitio\/wp-json\/wp\/v2\/comments?post=52638"}],"version-history":[{"count":0,"href":"https:\/\/globalnewsmexico.com\/sitio\/wp-json\/wp\/v2\/posts\/52638\/revisions"}],"wp:featuredmedia":[{"embeddable":true,"href":"https:\/\/globalnewsmexico.com\/sitio\/wp-json\/wp\/v2\/media\/52639"}],"wp:attachment":[{"href":"https:\/\/globalnewsmexico.com\/sitio\/wp-json\/wp\/v2\/media?parent=52638"}],"wp:term":[{"taxonomy":"category","embeddable":true,"href":"https:\/\/globalnewsmexico.com\/sitio\/wp-json\/wp\/v2\/categories?post=52638"},{"taxonomy":"post_tag","embeddable":true,"href":"https:\/\/globalnewsmexico.com\/sitio\/wp-json\/wp\/v2\/tags?post=52638"}],"curies":[{"name":"wp","href":"https:\/\/api.w.org\/{rel}","templated":true}]}}