{"id":52640,"date":"2020-08-21T09:55:06","date_gmt":"2020-08-21T14:55:06","guid":{"rendered":"http:\/\/globalnewsmexico.com\/sitio\/?p=52640"},"modified":"2020-08-21T09:55:11","modified_gmt":"2020-08-21T14:55:11","slug":"joven-de-coatzacoalcos-a-primera-division","status":"publish","type":"post","link":"https:\/\/globalnewsmexico.com\/sitio\/joven-de-coatzacoalcos-a-primera-division\/","title":{"rendered":"Joven de Coatzacoalcos \u00a1a Primera Divisi\u00f3n!"},"content":{"rendered":"\n<p>El joven Jes\u00fas Garc\u00eda, oriundo de Coatzacoalcos, tendr\u00e1 su primera oportunidad de pisar el c\u00e9sped de Primera Divisi\u00f3n con el Club Le\u00f3n este viernes, al ser convocado para enfrentar a los Bravos de Ju\u00e1rez en la Jornada 6 del Torneo Apertura Guardianes 2020 de la Liga Mx.<\/p>\n\n\n\n<p>As\u00ed lo dio a conocer la Liga Menor de Coatzacoalcos, la cual inform\u00f3 que &#8216;Chucho&#8217;, con tan solo 18 a\u00f1os de edad, se encontraba realizando entrenamientos desde hace tres semanas y el pasado martes, como protocolo de seguridad y sanidad, le realizaron las pruebas de Covid-19 al plantel completo.<\/p>\n\n\n\n<p>El portero titular del club, Rodolfo Cota, dio positivo y fue separado del plantel y otro de los porteros, Guillermo Pozos, se encuentra con una fractura de nariz, por lo que Alfonso Blanco saldr\u00e1 ma\u00f1ana como titular en el arco de la fiera y Jes\u00fas Garc\u00eda saldr\u00eda a la banca en el partido oficial de la Liga Mx.<\/p>\n\n\n\n<p>\u00abChucho fue uno de los porteros y jugadores que siempre destac\u00f3 por su juego y su talla, hac\u00eda la diferencia y defendi\u00f3 el escudo de la Liga Menor durante muchos a\u00f1os. \u00a1Felicidades Chucho, mucho \u00e9xito ma\u00f1ana y disfruta de lo hermoso de este deporte!\u00bb, resalt\u00f3 la liga menor de Coatzacoalcos.<\/p>\n","protected":false},"excerpt":{"rendered":"<p>El joven Jes\u00fas Garc\u00eda, oriundo de Coatzacoalcos, tendr\u00e1 su primera oportunidad de pisar el c\u00e9sped de Primera Divisi\u00f3n con el Club Le\u00f3n este viernes, al ser convocado para enfrentar a los Bravos de Ju\u00e1rez en la Jornada 6 del Torneo Apertura Guardianes 2020 de la Liga Mx. As\u00ed lo dio a conocer la Liga Menor<a class=\"read-more\" href=\"https:\/\/globalnewsmexico.com\/sitio\/joven-de-coatzacoalcos-a-primera-division\/\">Leer m\u00e1s<\/a><\/p>\n","protected":false},"author":5,"featured_media":52641,"comment_status":"closed","ping_status":"open","sticky":false,"template":"","format":"standard","meta":{"spay_email":"","footnotes":""},"categories":[37,8,50,52],"tags":[],"jetpack_featured_media_url":"https:\/\/i1.wp.com\/globalnewsmexico.com\/sitio\/wp-content\/uploads\/2020\/08\/14eb14aa-533f-4bb5-b884-34ff3dfca058.jpg?fit=1040%2C693&ssl=1","jetpack_sharing_enabled":true,"jetpack_shortlink":"https:\/\/wp.me\/p9yqPL-dH2","jetpack_likes_enabled":true,"_links":{"self":[{"href":"https:\/\/globalnewsmexico.com\/sitio\/wp-json\/wp\/v2\/posts\/52640"}],"collection":[{"href":"https:\/\/globalnewsmexico.com\/sitio\/wp-json\/wp\/v2\/posts"}],"about":[{"href":"https:\/\/globalnewsmexico.com\/sitio\/wp-json\/wp\/v2\/types\/post"}],"author":[{"embeddable":true,"href":"https:\/\/globalnewsmexico.com\/sitio\/wp-json\/wp\/v2\/users\/5"}],"replies":[{"embeddable":true,"href":"https:\/\/globalnewsmexico.com\/sitio\/wp-json\/wp\/v2\/comments?post=52640"}],"version-history":[{"count":0,"href":"https:\/\/globalnewsmexico.com\/sitio\/wp-json\/wp\/v2\/posts\/52640\/revisions"}],"wp:featuredmedia":[{"embeddable":true,"href":"https:\/\/globalnewsmexico.com\/sitio\/wp-json\/wp\/v2\/media\/52641"}],"wp:attachment":[{"href":"https:\/\/globalnewsmexico.com\/sitio\/wp-json\/wp\/v2\/media?parent=52640"}],"wp:term":[{"taxonomy":"category","embeddable":true,"href":"https:\/\/globalnewsmexico.com\/sitio\/wp-json\/wp\/v2\/categories?post=52640"},{"taxonomy":"post_tag","embeddable":true,"href":"https:\/\/globalnewsmexico.com\/sitio\/wp-json\/wp\/v2\/tags?post=52640"}],"curies":[{"name":"wp","href":"https:\/\/api.w.org\/{rel}","templated":true}]}}