{"id":52695,"date":"2020-08-22T10:02:36","date_gmt":"2020-08-22T15:02:36","guid":{"rendered":"http:\/\/globalnewsmexico.com\/sitio\/?p=52695"},"modified":"2020-08-22T10:02:39","modified_gmt":"2020-08-22T15:02:39","slug":"pandemia-en-mexico-subestimada-oms","status":"publish","type":"post","link":"https:\/\/globalnewsmexico.com\/sitio\/pandemia-en-mexico-subestimada-oms\/","title":{"rendered":"Pandemia en M\u00e9xico, subestimada: OMS"},"content":{"rendered":"\n<p>La escala de la pandemia de coronavirus en M\u00e9xico est\u00e1 subestimada y no es reconocida en toda su extensi\u00f3n, declar\u00f3 el doctor Mike Ryan, director del\u00a0Departamento de Emergencias Sanitarias de la Organizaci\u00f3n Mundial de la Salud (OMS).<\/p>\n\n\n\n<p>En una reuni\u00f3n informativa en Ginebra, Suiza, Ryan sostuvo que las pruebas para el Covid-19 en M\u00e9xico fueron efectivas en aproximadamente tres personas por cada 100 mil, en comparaci\u00f3n con Estados Unidos, donde la efectividad fue de 150 por cada 100 mil personas.<\/p>\n\n\n\n<p>Por ello, estim\u00f3 el funcionario de la OMS, la pandemia en M\u00e9xico est\u00e1 subestimada, ya que los test fueron limitados.<\/p>\n\n\n\n<p>\u00abLo m\u00e1s probable es que la epidemia en M\u00e9xico est\u00e1 subestimada, los test son limitados con tres por cada 100 mil personas por d\u00eda, que se puede comparar con m\u00e1s de 150 por cada 100 mil personas en Estados Unidos\u201d, expuso el director del Departamento de Emergencias Sanitarias de la OMS.<\/p>\n\n\n\n<p>Apunt\u00f3 que, seg\u00fan la informaci\u00f3n actualizada que todos los d\u00edas emiten los pa\u00edses, en algunos d\u00edas el porcentaje de pruebas que dan positivo en M\u00e9xico alcanza hasta el 50 por ciento.<\/p>\n\n\n\n<p>\u00abSignifica que mucha gente no est\u00e1 bien diagnosticada o se le diagnostica tarde\u201d, estim\u00f3.<\/p>\n\n\n\n<p>El doctor Mike Ryan anot\u00f3 que los datos que se manejan muestran evidentes diferencias de mortalidad en las diferentes regiones del pa\u00eds.<\/p>\n\n\n\n<p>Fuente: Agencias<\/p>\n","protected":false},"excerpt":{"rendered":"<p>La escala de la pandemia de coronavirus en M\u00e9xico est\u00e1 subestimada y no es reconocida en toda su extensi\u00f3n, declar\u00f3 el doctor Mike Ryan, director del\u00a0Departamento de Emergencias Sanitarias de la Organizaci\u00f3n Mundial de la Salud (OMS). En una reuni\u00f3n informativa en Ginebra, Suiza, Ryan sostuvo que las pruebas para el Covid-19 en M\u00e9xico fueron<a class=\"read-more\" href=\"https:\/\/globalnewsmexico.com\/sitio\/pandemia-en-mexico-subestimada-oms\/\">Leer m\u00e1s<\/a><\/p>\n","protected":false},"author":5,"featured_media":52696,"comment_status":"closed","ping_status":"open","sticky":false,"template":"","format":"standard","meta":{"spay_email":"","footnotes":""},"categories":[37,8,39,52],"tags":[],"jetpack_featured_media_url":"https:\/\/i2.wp.com\/globalnewsmexico.com\/sitio\/wp-content\/uploads\/2020\/08\/2425989.jpg?fit=1040%2C780&ssl=1","jetpack_sharing_enabled":true,"jetpack_shortlink":"https:\/\/wp.me\/p9yqPL-dHV","jetpack_likes_enabled":true,"_links":{"self":[{"href":"https:\/\/globalnewsmexico.com\/sitio\/wp-json\/wp\/v2\/posts\/52695"}],"collection":[{"href":"https:\/\/globalnewsmexico.com\/sitio\/wp-json\/wp\/v2\/posts"}],"about":[{"href":"https:\/\/globalnewsmexico.com\/sitio\/wp-json\/wp\/v2\/types\/post"}],"author":[{"embeddable":true,"href":"https:\/\/globalnewsmexico.com\/sitio\/wp-json\/wp\/v2\/users\/5"}],"replies":[{"embeddable":true,"href":"https:\/\/globalnewsmexico.com\/sitio\/wp-json\/wp\/v2\/comments?post=52695"}],"version-history":[{"count":0,"href":"https:\/\/globalnewsmexico.com\/sitio\/wp-json\/wp\/v2\/posts\/52695\/revisions"}],"wp:featuredmedia":[{"embeddable":true,"href":"https:\/\/globalnewsmexico.com\/sitio\/wp-json\/wp\/v2\/media\/52696"}],"wp:attachment":[{"href":"https:\/\/globalnewsmexico.com\/sitio\/wp-json\/wp\/v2\/media?parent=52695"}],"wp:term":[{"taxonomy":"category","embeddable":true,"href":"https:\/\/globalnewsmexico.com\/sitio\/wp-json\/wp\/v2\/categories?post=52695"},{"taxonomy":"post_tag","embeddable":true,"href":"https:\/\/globalnewsmexico.com\/sitio\/wp-json\/wp\/v2\/tags?post=52695"}],"curies":[{"name":"wp","href":"https:\/\/api.w.org\/{rel}","templated":true}]}}