{"id":52732,"date":"2020-08-22T19:19:17","date_gmt":"2020-08-23T00:19:17","guid":{"rendered":"http:\/\/globalnewsmexico.com\/sitio\/?p=52732"},"modified":"2020-08-22T19:19:22","modified_gmt":"2020-08-23T00:19:22","slug":"asesinan-a-familia-en-altotonga-veracruz-una-nina-entre-las-victimas","status":"publish","type":"post","link":"https:\/\/globalnewsmexico.com\/sitio\/asesinan-a-familia-en-altotonga-veracruz-una-nina-entre-las-victimas\/","title":{"rendered":"Asesinan a familia en Altotonga, Veracruz; una ni\u00f1a, entre las v\u00edctimas"},"content":{"rendered":"\n<p>Una familia fue asesinada a balazos cuando circulaba a bordo de una camioneta por calles de la colonia Del Valle, en el municipio de Altotonga, Veracruz; entre las v\u00edctimas hay una ni\u00f1a de 8 a\u00f1os.<\/p>\n\n\n\n<p>Las v\u00edctimas respond\u00edan a los nombres de Eduardo &#8216;N&#8217;, de 35 a\u00f1os; Cita &#8216;N&#8217;, de 41, y la ni\u00f1a Sarah\u00ed &#8216;N&#8217;, de apenas 8 a\u00f1os de edad, los cuales era una familia que viv\u00edan a una cuadra donde fueron ejecutados.\u00a0<\/p>\n\n\n\n<p>Los elementos de la Polic\u00eda Municipal, despu\u00e9s de llegar al lugar de los hechos, se dieron cuenta de que la camioneta Nissan color gris, con placas de circulaci\u00f3n SF-19-402, ten\u00eda varios impactos de bala.<\/p>\n\n\n\n<p>En el lugar fueron hallados 15 casquillos percutidos de calibre 30 mil\u00edmetros, los cuales arrebataron la vida a estos dos comerciantes de pollo y a su hija.<\/p>\n\n\n\n<p>Se dice que estos comerciantes ya hab\u00edan sido v\u00edctimas de extorsi\u00f3n, pero no dieron aviso a la Polic\u00eda ni levantaron alguna denuncia.<\/p>\n\n\n\n<p>Fuente: Xeu Noticias<\/p>\n","protected":false},"excerpt":{"rendered":"<p>Una familia fue asesinada a balazos cuando circulaba a bordo de una camioneta por calles de la colonia Del Valle, en el municipio de Altotonga, Veracruz; entre las v\u00edctimas hay una ni\u00f1a de 8 a\u00f1os. Las v\u00edctimas respond\u00edan a los nombres de Eduardo &#8216;N&#8217;, de 35 a\u00f1os; Cita &#8216;N&#8217;, de 41, y la ni\u00f1a Sarah\u00ed<a class=\"read-more\" href=\"https:\/\/globalnewsmexico.com\/sitio\/asesinan-a-familia-en-altotonga-veracruz-una-nina-entre-las-victimas\/\">Leer m\u00e1s<\/a><\/p>\n","protected":false},"author":5,"featured_media":52733,"comment_status":"closed","ping_status":"open","sticky":false,"template":"","format":"standard","meta":{"spay_email":"","footnotes":""},"categories":[37,8,50,52],"tags":[],"jetpack_featured_media_url":"https:\/\/i2.wp.com\/globalnewsmexico.com\/sitio\/wp-content\/uploads\/2020\/08\/1117523.jpg?fit=1024%2C683&ssl=1","jetpack_sharing_enabled":true,"jetpack_shortlink":"https:\/\/wp.me\/p9yqPL-dIw","jetpack_likes_enabled":true,"_links":{"self":[{"href":"https:\/\/globalnewsmexico.com\/sitio\/wp-json\/wp\/v2\/posts\/52732"}],"collection":[{"href":"https:\/\/globalnewsmexico.com\/sitio\/wp-json\/wp\/v2\/posts"}],"about":[{"href":"https:\/\/globalnewsmexico.com\/sitio\/wp-json\/wp\/v2\/types\/post"}],"author":[{"embeddable":true,"href":"https:\/\/globalnewsmexico.com\/sitio\/wp-json\/wp\/v2\/users\/5"}],"replies":[{"embeddable":true,"href":"https:\/\/globalnewsmexico.com\/sitio\/wp-json\/wp\/v2\/comments?post=52732"}],"version-history":[{"count":0,"href":"https:\/\/globalnewsmexico.com\/sitio\/wp-json\/wp\/v2\/posts\/52732\/revisions"}],"wp:featuredmedia":[{"embeddable":true,"href":"https:\/\/globalnewsmexico.com\/sitio\/wp-json\/wp\/v2\/media\/52733"}],"wp:attachment":[{"href":"https:\/\/globalnewsmexico.com\/sitio\/wp-json\/wp\/v2\/media?parent=52732"}],"wp:term":[{"taxonomy":"category","embeddable":true,"href":"https:\/\/globalnewsmexico.com\/sitio\/wp-json\/wp\/v2\/categories?post=52732"},{"taxonomy":"post_tag","embeddable":true,"href":"https:\/\/globalnewsmexico.com\/sitio\/wp-json\/wp\/v2\/tags?post=52732"}],"curies":[{"name":"wp","href":"https:\/\/api.w.org\/{rel}","templated":true}]}}