{"id":52767,"date":"2020-08-24T12:41:38","date_gmt":"2020-08-24T17:41:38","guid":{"rendered":"http:\/\/globalnewsmexico.com\/sitio\/?p=52767"},"modified":"2020-08-24T12:41:41","modified_gmt":"2020-08-24T17:41:41","slug":"lopez-obrador-no-descarta-solicitar-consulta-de-juicio-a-expresidentes","status":"publish","type":"post","link":"https:\/\/globalnewsmexico.com\/sitio\/lopez-obrador-no-descarta-solicitar-consulta-de-juicio-a-expresidentes\/","title":{"rendered":"L\u00f3pez Obrador no descarta solicitar consulta de juicio a expresidentes"},"content":{"rendered":"\n<p>El presidente Andr\u00e9s Manuel L\u00f3pez Obrador no descarta la posibilidad de ser \u00e9l quien solicite una consulta ciudadana para enjuiciar a expresidentes.<\/p>\n\n\n\n<p>En conferencia, el mandatario explic\u00f3 que esto podr\u00eda ser en caso de que ni la ciudadan\u00eda ni el Congreso soliciten dicho proceso, mismo que debe hacerse entre el 1 y el 15 de septiembre, de acuerdo con la ley.<\/p>\n\n\n\n<p>\u201cYo voy a esperar hasta el final, pero no descarto la posibilidad de hacerlo (la solicitud de consulta), porque es democracia, aunque yo vote en contra de enjuiciar a los expresidentes\u201d, afirm\u00f3 en Palacio Nacional.<\/p>\n\n\n\n<p>En caso de que el 3 por ciento de la ciudadan\u00eda inscrita en el padr\u00f3n electoral no sea el que tramite la consulta, podr\u00eda ser, en segunda instancia, una tercera parte de los legisladores de alguna de las dos C\u00e1maras del Congreso de la Uni\u00f3n; por \u00faltimo, el Ejecutivo federal puede actuar, y ser\u00e1 la Suprema Corte de Justicia de la Naci\u00f3n si es constitucional.<\/p>\n\n\n\n<p>L\u00f3pez Obrador reiter\u00f3 que la ciudadan\u00eda debe ser la primera instancia que solicite la realizaci\u00f3n de la consulta, en tanto avanzan las investigaciones por presuntos actos de corrupci\u00f3n en los que han sido mencionados Enrique Pe\u00f1a Nieto, Felipe Calder\u00f3n Hinojosa y Carlos Salinas de Gortari.<\/p>\n\n\n\n<p>\u201cRepito, no quiero ser yo verdugo. No es mi fuerte la venganza. Que lo decidamos entre todos. Aqu\u00ed quiero hacer una aclaraci\u00f3n. Es muy importante: de acuerdo con la ley, para hacer una consulta solo hay un plazo. Lo planteo porque ayer revis\u00e9 la Constituci\u00f3n y la ley de la materia, y va a ser interesante que sepamos todos sobre la celebraci\u00f3n de una consulta ciudadana\u201d, coment\u00f3.<\/p>\n\n\n\n<p>Fuente: Exc\u00e9lsior<\/p>\n","protected":false},"excerpt":{"rendered":"<p>El presidente Andr\u00e9s Manuel L\u00f3pez Obrador no descarta la posibilidad de ser \u00e9l quien solicite una consulta ciudadana para enjuiciar a expresidentes. En conferencia, el mandatario explic\u00f3 que esto podr\u00eda ser en caso de que ni la ciudadan\u00eda ni el Congreso soliciten dicho proceso, mismo que debe hacerse entre el 1 y el 15 de<a class=\"read-more\" href=\"https:\/\/globalnewsmexico.com\/sitio\/lopez-obrador-no-descarta-solicitar-consulta-de-juicio-a-expresidentes\/\">Leer m\u00e1s<\/a><\/p>\n","protected":false},"author":5,"featured_media":52768,"comment_status":"closed","ping_status":"open","sticky":false,"template":"","format":"standard","meta":{"spay_email":"","footnotes":""},"categories":[37,8,40,52],"tags":[],"jetpack_featured_media_url":"https:\/\/i2.wp.com\/globalnewsmexico.com\/sitio\/wp-content\/uploads\/2020\/08\/2427051.jpg?fit=1040%2C780&ssl=1","jetpack_sharing_enabled":true,"jetpack_shortlink":"https:\/\/wp.me\/p9yqPL-dJ5","jetpack_likes_enabled":true,"_links":{"self":[{"href":"https:\/\/globalnewsmexico.com\/sitio\/wp-json\/wp\/v2\/posts\/52767"}],"collection":[{"href":"https:\/\/globalnewsmexico.com\/sitio\/wp-json\/wp\/v2\/posts"}],"about":[{"href":"https:\/\/globalnewsmexico.com\/sitio\/wp-json\/wp\/v2\/types\/post"}],"author":[{"embeddable":true,"href":"https:\/\/globalnewsmexico.com\/sitio\/wp-json\/wp\/v2\/users\/5"}],"replies":[{"embeddable":true,"href":"https:\/\/globalnewsmexico.com\/sitio\/wp-json\/wp\/v2\/comments?post=52767"}],"version-history":[{"count":0,"href":"https:\/\/globalnewsmexico.com\/sitio\/wp-json\/wp\/v2\/posts\/52767\/revisions"}],"wp:featuredmedia":[{"embeddable":true,"href":"https:\/\/globalnewsmexico.com\/sitio\/wp-json\/wp\/v2\/media\/52768"}],"wp:attachment":[{"href":"https:\/\/globalnewsmexico.com\/sitio\/wp-json\/wp\/v2\/media?parent=52767"}],"wp:term":[{"taxonomy":"category","embeddable":true,"href":"https:\/\/globalnewsmexico.com\/sitio\/wp-json\/wp\/v2\/categories?post=52767"},{"taxonomy":"post_tag","embeddable":true,"href":"https:\/\/globalnewsmexico.com\/sitio\/wp-json\/wp\/v2\/tags?post=52767"}],"curies":[{"name":"wp","href":"https:\/\/api.w.org\/{rel}","templated":true}]}}