{"id":52860,"date":"2020-08-26T11:26:06","date_gmt":"2020-08-26T16:26:06","guid":{"rendered":"http:\/\/globalnewsmexico.com\/sitio\/?p=52860"},"modified":"2020-08-26T11:26:09","modified_gmt":"2020-08-26T16:26:09","slug":"senado-recibe-peticion-de-amlo-para-que-onu-intervenga-en-desapariciones-forzadas","status":"publish","type":"post","link":"https:\/\/globalnewsmexico.com\/sitio\/senado-recibe-peticion-de-amlo-para-que-onu-intervenga-en-desapariciones-forzadas\/","title":{"rendered":"Senado recibe petici\u00f3n de AMLO para que ONU intervenga en desapariciones forzadas"},"content":{"rendered":"\n<p>El Senado recibi\u00f3 hoy la petici\u00f3n del presidente\u00a0Andr\u00e9s Manuel L\u00f3pez Obrador\u00a0para que la Organizaci\u00f3n de las Naciones Unidas (ONU) pueda intervenir, sin limitaciones, en casos de desaparici\u00f3n forzada\u00a0en el pa\u00eds, con tan solo la petici\u00f3n de familiares de v\u00edctimas.<\/p>\n\n\n\n<p>El documento somete a la aprobaci\u00f3n del Senado la Declaraci\u00f3n que formula M\u00e9xico para reconocer la competencia del Comit\u00e9 contra la Desaparici\u00f3n Forzada (de la Convenci\u00f3n Internacional para la Protecci\u00f3n de todas las Personas contra las Desapariciones Forzadas de la ONU), para recibir y examinar las comunicaciones presentadas por personas que se encuentren bajo su jurisdicci\u00f3n o en nombre de ellas.<\/p>\n\n\n\n<p>\u201cComo resultado de la evaluaci\u00f3n interna llevada a cabo por las instancias nacionales, en que se consideraron las implicaciones t\u00e9cnicas, operativas, pr\u00e1cticas, financieras y pol\u00edticas, se determin\u00f3 que el Estado mexicano reconozca la competencia del Comit\u00e9 para recibir y examinar comunicaciones individuales\u201d, indica el documento firmado por el presidente L\u00f3pez Obrador.<\/p>\n\n\n\n<p>La Comisi\u00f3n Nacional de B\u00fasqueda de Personas calcula que al 31 de diciembre de 2019, el n\u00famero de desaparecidos en el pa\u00eds asciende a 61 mil 637 personas.<\/p>\n\n\n\n<p>Fuente: El Heraldo de M\u00e9xico<\/p>\n","protected":false},"excerpt":{"rendered":"<p>El Senado recibi\u00f3 hoy la petici\u00f3n del presidente\u00a0Andr\u00e9s Manuel L\u00f3pez Obrador\u00a0para que la Organizaci\u00f3n de las Naciones Unidas (ONU) pueda intervenir, sin limitaciones, en casos de desaparici\u00f3n forzada\u00a0en el pa\u00eds, con tan solo la petici\u00f3n de familiares de v\u00edctimas. El documento somete a la aprobaci\u00f3n del Senado la Declaraci\u00f3n que formula M\u00e9xico para reconocer la<a class=\"read-more\" href=\"https:\/\/globalnewsmexico.com\/sitio\/senado-recibe-peticion-de-amlo-para-que-onu-intervenga-en-desapariciones-forzadas\/\">Leer m\u00e1s<\/a><\/p>\n","protected":false},"author":5,"featured_media":52861,"comment_status":"closed","ping_status":"open","sticky":false,"template":"","format":"standard","meta":{"spay_email":"","footnotes":""},"categories":[37,8,49,52],"tags":[],"jetpack_featured_media_url":"https:\/\/i2.wp.com\/globalnewsmexico.com\/sitio\/wp-content\/uploads\/2020\/08\/Desaparecidos.jpg?fit=1040%2C615&ssl=1","jetpack_sharing_enabled":true,"jetpack_shortlink":"https:\/\/wp.me\/p9yqPL-dKA","jetpack_likes_enabled":true,"_links":{"self":[{"href":"https:\/\/globalnewsmexico.com\/sitio\/wp-json\/wp\/v2\/posts\/52860"}],"collection":[{"href":"https:\/\/globalnewsmexico.com\/sitio\/wp-json\/wp\/v2\/posts"}],"about":[{"href":"https:\/\/globalnewsmexico.com\/sitio\/wp-json\/wp\/v2\/types\/post"}],"author":[{"embeddable":true,"href":"https:\/\/globalnewsmexico.com\/sitio\/wp-json\/wp\/v2\/users\/5"}],"replies":[{"embeddable":true,"href":"https:\/\/globalnewsmexico.com\/sitio\/wp-json\/wp\/v2\/comments?post=52860"}],"version-history":[{"count":0,"href":"https:\/\/globalnewsmexico.com\/sitio\/wp-json\/wp\/v2\/posts\/52860\/revisions"}],"wp:featuredmedia":[{"embeddable":true,"href":"https:\/\/globalnewsmexico.com\/sitio\/wp-json\/wp\/v2\/media\/52861"}],"wp:attachment":[{"href":"https:\/\/globalnewsmexico.com\/sitio\/wp-json\/wp\/v2\/media?parent=52860"}],"wp:term":[{"taxonomy":"category","embeddable":true,"href":"https:\/\/globalnewsmexico.com\/sitio\/wp-json\/wp\/v2\/categories?post=52860"},{"taxonomy":"post_tag","embeddable":true,"href":"https:\/\/globalnewsmexico.com\/sitio\/wp-json\/wp\/v2\/tags?post=52860"}],"curies":[{"name":"wp","href":"https:\/\/api.w.org\/{rel}","templated":true}]}}