{"id":52873,"date":"2020-08-26T14:12:05","date_gmt":"2020-08-26T19:12:05","guid":{"rendered":"http:\/\/globalnewsmexico.com\/sitio\/?p=52873"},"modified":"2020-08-26T14:37:38","modified_gmt":"2020-08-26T19:37:38","slug":"estiman-desercion-escolar-de-2-3-millones-de-alumnos-en-el-pais","status":"publish","type":"post","link":"https:\/\/globalnewsmexico.com\/sitio\/estiman-desercion-escolar-de-2-3-millones-de-alumnos-en-el-pais\/","title":{"rendered":"Estiman deserci\u00f3n escolar de 2.3 millones de alumnos en el pa\u00eds"},"content":{"rendered":"\n<p>El presidente de la Uni\u00f3n Nacional de Padres de Familia, Leonardo Garc\u00eda, afirm\u00f3 que se estima una deserci\u00f3n escolar en M\u00e9xico de 2.3 millones de alumnos, aunque se\u00f1al\u00f3 que una cifra certera se tendr\u00e1 hasta el 24 de septiembre.\u00a0<\/p>\n\n\n\n<p>A\u00f1adi\u00f3 que ante la situaci\u00f3n econ\u00f3mica generada por la pandemia, ha disminuido la matr\u00edcula de las escuelas privadas, ya que los alumnos se han pasado a escuelas p\u00fablicas.<\/p>\n\n\n\n<p>Detall\u00f3 que el estimado de abril y mayo era de 800 mil alumnos que abandonar\u00edan la escuela privada para pasar a la p\u00fablica, desde el nivel preescolar hasta universidad.<\/p>\n\n\n\n<p>No obstante, el dato de la semana pasada indica que se tiene escuelas cuya afectaci\u00f3n ser\u00e1 solo del 10 por ciento, es decir, menos de 800 mil; esa cifra representar\u00eda cerca del 15 por ciento.<\/p>\n\n\n\n<p>Destac\u00f3 que la cifra certera sobre los alumnos que se pasaron de una escuela particular a una p\u00fablica, se conocer\u00e1 hasta a finales de septiembre.<\/p>\n\n\n\n<p>Fuente: Xeu Noticias<\/p>\n","protected":false},"excerpt":{"rendered":"<p>El presidente de la Uni\u00f3n Nacional de Padres de Familia, Leonardo Garc\u00eda, afirm\u00f3 que se estima una deserci\u00f3n escolar en M\u00e9xico de 2.3 millones de alumnos, aunque se\u00f1al\u00f3 que una cifra certera se tendr\u00e1 hasta el 24 de septiembre.\u00a0 A\u00f1adi\u00f3 que ante la situaci\u00f3n econ\u00f3mica generada por la pandemia, ha disminuido la matr\u00edcula de las<a class=\"read-more\" href=\"https:\/\/globalnewsmexico.com\/sitio\/estiman-desercion-escolar-de-2-3-millones-de-alumnos-en-el-pais\/\">Leer m\u00e1s<\/a><\/p>\n","protected":false},"author":5,"featured_media":52874,"comment_status":"closed","ping_status":"open","sticky":false,"template":"","format":"standard","meta":{"spay_email":"","footnotes":""},"categories":[37,8,49,52],"tags":[],"jetpack_featured_media_url":"https:\/\/i1.wp.com\/globalnewsmexico.com\/sitio\/wp-content\/uploads\/2020\/08\/1118117.jpg?fit=1024%2C682&ssl=1","jetpack_sharing_enabled":true,"jetpack_shortlink":"https:\/\/wp.me\/p9yqPL-dKN","jetpack_likes_enabled":true,"_links":{"self":[{"href":"https:\/\/globalnewsmexico.com\/sitio\/wp-json\/wp\/v2\/posts\/52873"}],"collection":[{"href":"https:\/\/globalnewsmexico.com\/sitio\/wp-json\/wp\/v2\/posts"}],"about":[{"href":"https:\/\/globalnewsmexico.com\/sitio\/wp-json\/wp\/v2\/types\/post"}],"author":[{"embeddable":true,"href":"https:\/\/globalnewsmexico.com\/sitio\/wp-json\/wp\/v2\/users\/5"}],"replies":[{"embeddable":true,"href":"https:\/\/globalnewsmexico.com\/sitio\/wp-json\/wp\/v2\/comments?post=52873"}],"version-history":[{"count":0,"href":"https:\/\/globalnewsmexico.com\/sitio\/wp-json\/wp\/v2\/posts\/52873\/revisions"}],"wp:featuredmedia":[{"embeddable":true,"href":"https:\/\/globalnewsmexico.com\/sitio\/wp-json\/wp\/v2\/media\/52874"}],"wp:attachment":[{"href":"https:\/\/globalnewsmexico.com\/sitio\/wp-json\/wp\/v2\/media?parent=52873"}],"wp:term":[{"taxonomy":"category","embeddable":true,"href":"https:\/\/globalnewsmexico.com\/sitio\/wp-json\/wp\/v2\/categories?post=52873"},{"taxonomy":"post_tag","embeddable":true,"href":"https:\/\/globalnewsmexico.com\/sitio\/wp-json\/wp\/v2\/tags?post=52873"}],"curies":[{"name":"wp","href":"https:\/\/api.w.org\/{rel}","templated":true}]}}