{"id":52907,"date":"2020-08-27T10:30:39","date_gmt":"2020-08-27T15:30:39","guid":{"rendered":"http:\/\/globalnewsmexico.com\/sitio\/?p=52907"},"modified":"2020-08-27T10:30:51","modified_gmt":"2020-08-27T15:30:51","slug":"tormenta-tropical-hernan-dejara-lluvias-en-varios-estados","status":"publish","type":"post","link":"https:\/\/globalnewsmexico.com\/sitio\/tormenta-tropical-hernan-dejara-lluvias-en-varios-estados\/","title":{"rendered":"Tormenta tropical &#8216;Hern\u00e1n&#8217; dejar\u00e1 lluvias en varios estados"},"content":{"rendered":"\n<p>El Servicio Meteorol\u00f3gico Nacional\u00a0inform\u00f3 que la tormenta tropical\u00a0&#8216;Hern\u00e1n&#8217; mantendr\u00e1 el temporal de\u00a0lluvias intensas a puntuales torrenciales, as\u00ed como rachas fuertes de viento y oleaje elevado de 3 a 5 metros en las costas de Nayarit, Jalisco y Colima. Las\u00a0lluvias generadas por este fen\u00f3meno pueden ocasionar\u00a0deslaves, desbordamiento de r\u00edos e inundaciones.\u00a0<\/p>\n\n\n\n<p>Por otro lado, la\u00a0onda tropical n\u00famero 31\u00a0recorrer\u00e1 el sur del pa\u00eds,e interaccionar\u00e1 con un canal de baja presi\u00f3n sobre el sureste del territorio nacional, originando\u00a0lluvias muy fuertes\u00a0a puntuales intensas, descargas el\u00e9ctricas y rachas de viento en\u00a0Guerrero, Puebla, Veracruz y Oaxaca, con\u00a0lluvias puntuales torrenciales\u00a0en\u00a0Chiapas y Michoac\u00e1n.\u00a0<\/p>\n\n\n\n<p>En tanto, un segundo canal de baja presi\u00f3n extendido sobre el noroeste y el centro del pa\u00eds, en interacci\u00f3n con inestabilidad en niveles altos de la atm\u00f3sfera, provocar\u00e1 chubascos y lluvias fuertes\u00a0a puntuales muy fuertes, descargas el\u00e9ctricas, rachas de viento y posibles granizadas sobre dichas regiones, incluido el\u00a0Valle de M\u00e9xico.\u00a0<\/p>\n\n\n\n<p>Finalmente, se mantendr\u00e1n las temperaturas mayores a\u00a040\u00b0 grados Celsius en\u00a0Baja California Sur, Sonora, Chihuahua. Coahuila, Nuevo Le\u00f3n y Tamaulipas, pudiendo superar los\u00a045 grados en\u00a0Baja California.<\/p>\n","protected":false},"excerpt":{"rendered":"<p>El Servicio Meteorol\u00f3gico Nacional\u00a0inform\u00f3 que la tormenta tropical\u00a0&#8216;Hern\u00e1n&#8217; mantendr\u00e1 el temporal de\u00a0lluvias intensas a puntuales torrenciales, as\u00ed como rachas fuertes de viento y oleaje elevado de 3 a 5 metros en las costas de Nayarit, Jalisco y Colima. Las\u00a0lluvias generadas por este fen\u00f3meno pueden ocasionar\u00a0deslaves, desbordamiento de r\u00edos e inundaciones.\u00a0 Por otro lado, la\u00a0onda tropical<a class=\"read-more\" href=\"https:\/\/globalnewsmexico.com\/sitio\/tormenta-tropical-hernan-dejara-lluvias-en-varios-estados\/\">Leer m\u00e1s<\/a><\/p>\n","protected":false},"author":5,"featured_media":47198,"comment_status":"closed","ping_status":"open","sticky":false,"template":"","format":"standard","meta":{"spay_email":"","footnotes":""},"categories":[37,8,49,52],"tags":[],"jetpack_featured_media_url":"https:\/\/i1.wp.com\/globalnewsmexico.com\/sitio\/wp-content\/uploads\/2020\/05\/lluvia-1_7.jpg?fit=1040%2C658&ssl=1","jetpack_sharing_enabled":true,"jetpack_shortlink":"https:\/\/wp.me\/p9yqPL-dLl","jetpack_likes_enabled":true,"_links":{"self":[{"href":"https:\/\/globalnewsmexico.com\/sitio\/wp-json\/wp\/v2\/posts\/52907"}],"collection":[{"href":"https:\/\/globalnewsmexico.com\/sitio\/wp-json\/wp\/v2\/posts"}],"about":[{"href":"https:\/\/globalnewsmexico.com\/sitio\/wp-json\/wp\/v2\/types\/post"}],"author":[{"embeddable":true,"href":"https:\/\/globalnewsmexico.com\/sitio\/wp-json\/wp\/v2\/users\/5"}],"replies":[{"embeddable":true,"href":"https:\/\/globalnewsmexico.com\/sitio\/wp-json\/wp\/v2\/comments?post=52907"}],"version-history":[{"count":0,"href":"https:\/\/globalnewsmexico.com\/sitio\/wp-json\/wp\/v2\/posts\/52907\/revisions"}],"wp:featuredmedia":[{"embeddable":true,"href":"https:\/\/globalnewsmexico.com\/sitio\/wp-json\/wp\/v2\/media\/47198"}],"wp:attachment":[{"href":"https:\/\/globalnewsmexico.com\/sitio\/wp-json\/wp\/v2\/media?parent=52907"}],"wp:term":[{"taxonomy":"category","embeddable":true,"href":"https:\/\/globalnewsmexico.com\/sitio\/wp-json\/wp\/v2\/categories?post=52907"},{"taxonomy":"post_tag","embeddable":true,"href":"https:\/\/globalnewsmexico.com\/sitio\/wp-json\/wp\/v2\/tags?post=52907"}],"curies":[{"name":"wp","href":"https:\/\/api.w.org\/{rel}","templated":true}]}}