{"id":52916,"date":"2020-08-27T12:21:53","date_gmt":"2020-08-27T17:21:53","guid":{"rendered":"http:\/\/globalnewsmexico.com\/sitio\/?p=52916"},"modified":"2020-08-27T12:21:57","modified_gmt":"2020-08-27T17:21:57","slug":"debe-ser-la-gente-quien-solicite-consulta-para-juzgar-a-expresidentes-lopez-obrador","status":"publish","type":"post","link":"https:\/\/globalnewsmexico.com\/sitio\/debe-ser-la-gente-quien-solicite-consulta-para-juzgar-a-expresidentes-lopez-obrador\/","title":{"rendered":"Debe ser la gente quien solicite consulta para juzgar a expresidentes: L\u00f3pez Obrador"},"content":{"rendered":"\n<p>Al conocer que las bancadas de Morena y el PT en el Congreso alistan un bloque que haga la solicitud de consulta ciudadana para juzgar a los expresidentes, el presidente Andr\u00e9s Manuel L\u00f3pez Obrador insisti\u00f3 en que la petici\u00f3n debe surgir del pueblo.<\/p>\n\n\n\n<p>\u201cVamos a que en su momento la gente opine. No estoy descalificando nada, solo es esperar a los ciudadanos y tenerle confianza al pueblo, la gente est\u00e1 muy consciente, entonces se va a saber si conviene, no conviene al pa\u00eds, y en estos d\u00edas, yo estoy seguro que se va a ir expresando m\u00e1s la opini\u00f3n de los ciudadanos\u201d, dijo.<\/p>\n\n\n\n<p>Reiter\u00f3 que en su momento \u00e9l votar\u00e1 en contra de que los expresidentes sean juzgados, aunque por ser dem\u00f3crata, se someter\u00e1 a lo que digan los ciudadanos.<\/p>\n\n\n\n<p>Fuente: Notisistema<\/p>\n","protected":false},"excerpt":{"rendered":"<p>Al conocer que las bancadas de Morena y el PT en el Congreso alistan un bloque que haga la solicitud de consulta ciudadana para juzgar a los expresidentes, el presidente Andr\u00e9s Manuel L\u00f3pez Obrador insisti\u00f3 en que la petici\u00f3n debe surgir del pueblo. \u201cVamos a que en su momento la gente opine. No estoy descalificando<a class=\"read-more\" href=\"https:\/\/globalnewsmexico.com\/sitio\/debe-ser-la-gente-quien-solicite-consulta-para-juzgar-a-expresidentes-lopez-obrador\/\">Leer m\u00e1s<\/a><\/p>\n","protected":false},"author":5,"featured_media":52917,"comment_status":"closed","ping_status":"open","sticky":false,"template":"","format":"standard","meta":{"spay_email":"","footnotes":""},"categories":[37,8,40,52],"tags":[],"jetpack_featured_media_url":"https:\/\/i0.wp.com\/globalnewsmexico.com\/sitio\/wp-content\/uploads\/2020\/08\/amlo1-8-610x389-1.jpg?fit=1040%2C663&ssl=1","jetpack_sharing_enabled":true,"jetpack_shortlink":"https:\/\/wp.me\/p9yqPL-dLu","jetpack_likes_enabled":true,"_links":{"self":[{"href":"https:\/\/globalnewsmexico.com\/sitio\/wp-json\/wp\/v2\/posts\/52916"}],"collection":[{"href":"https:\/\/globalnewsmexico.com\/sitio\/wp-json\/wp\/v2\/posts"}],"about":[{"href":"https:\/\/globalnewsmexico.com\/sitio\/wp-json\/wp\/v2\/types\/post"}],"author":[{"embeddable":true,"href":"https:\/\/globalnewsmexico.com\/sitio\/wp-json\/wp\/v2\/users\/5"}],"replies":[{"embeddable":true,"href":"https:\/\/globalnewsmexico.com\/sitio\/wp-json\/wp\/v2\/comments?post=52916"}],"version-history":[{"count":0,"href":"https:\/\/globalnewsmexico.com\/sitio\/wp-json\/wp\/v2\/posts\/52916\/revisions"}],"wp:featuredmedia":[{"embeddable":true,"href":"https:\/\/globalnewsmexico.com\/sitio\/wp-json\/wp\/v2\/media\/52917"}],"wp:attachment":[{"href":"https:\/\/globalnewsmexico.com\/sitio\/wp-json\/wp\/v2\/media?parent=52916"}],"wp:term":[{"taxonomy":"category","embeddable":true,"href":"https:\/\/globalnewsmexico.com\/sitio\/wp-json\/wp\/v2\/categories?post=52916"},{"taxonomy":"post_tag","embeddable":true,"href":"https:\/\/globalnewsmexico.com\/sitio\/wp-json\/wp\/v2\/tags?post=52916"}],"curies":[{"name":"wp","href":"https:\/\/api.w.org\/{rel}","templated":true}]}}