{"id":53030,"date":"2020-08-29T14:10:03","date_gmt":"2020-08-29T19:10:03","guid":{"rendered":"http:\/\/globalnewsmexico.com\/sitio\/?p=53030"},"modified":"2020-08-29T14:10:13","modified_gmt":"2020-08-29T19:10:13","slug":"reinician-busqueda-de-restos-humanos-en-la-gallera","status":"publish","type":"post","link":"https:\/\/globalnewsmexico.com\/sitio\/reinician-busqueda-de-restos-humanos-en-la-gallera\/","title":{"rendered":"Reinician b\u00fasqueda de restos humanos en &#8216;La Gallera&#8217;"},"content":{"rendered":"\n<p>Familiares de personas desaparecidas reiniciaron la b\u00fasqueda de restos humanos en &#8216;La Gallera&#8217;, un rancho ubicado en los l\u00edmites de Poza Rica y Tihuatl\u00e1n, Veracruz, en donde de acuerdo con los indicios y testimonios, \u00abquemaban a las personas\u00bb.<\/p>\n\n\n\n<p>Maricel Torres Melo, representante\u00a0 del colectivo de familiares en b\u00fasqueda de desaparecidos Mar\u00eda Herrera A.C., afirm\u00f3 que las labores comenzaron el pasado lunes, despu\u00e9s de un receso de varios meses por la pandemia del Covid-19.<\/p>\n\n\n\n<p>Se\u00f1al\u00f3 que hasta hace poco hab\u00edan encontrado seis cuerpos completos, pero adem\u00e1s hab\u00edan hallado cr\u00e1neos y fragmentos, lo que hace indicar que puede haber m\u00e1s restos.<\/p>\n\n\n\n<p>La labor\u00a0la realizan integrantes de la agrupaci\u00f3n acompa\u00f1ados de la Comisi\u00f3n Estatal de B\u00fasqueda de Veracruz, en el sitio que fue incautado a la delincuencia organizada.<\/p>\n\n\n\n<p>En el lugar tambi\u00e9n encontraron un horno, en donde supuestamente incineraban a los desaparecidos.<\/p>\n\n\n\n<p>Fuente: Xeu Noticias<\/p>\n","protected":false},"excerpt":{"rendered":"<p>Familiares de personas desaparecidas reiniciaron la b\u00fasqueda de restos humanos en &#8216;La Gallera&#8217;, un rancho ubicado en los l\u00edmites de Poza Rica y Tihuatl\u00e1n, Veracruz, en donde de acuerdo con los indicios y testimonios, \u00abquemaban a las personas\u00bb. Maricel Torres Melo, representante\u00a0 del colectivo de familiares en b\u00fasqueda de desaparecidos Mar\u00eda Herrera A.C., afirm\u00f3 que<a class=\"read-more\" href=\"https:\/\/globalnewsmexico.com\/sitio\/reinician-busqueda-de-restos-humanos-en-la-gallera\/\">Leer m\u00e1s<\/a><\/p>\n","protected":false},"author":5,"featured_media":53031,"comment_status":"closed","ping_status":"open","sticky":false,"template":"","format":"standard","meta":{"spay_email":"","footnotes":""},"categories":[37,8,50,52],"tags":[],"jetpack_featured_media_url":"https:\/\/i1.wp.com\/globalnewsmexico.com\/sitio\/wp-content\/uploads\/2020\/08\/1118619.jpg?fit=1024%2C678&ssl=1","jetpack_sharing_enabled":true,"jetpack_shortlink":"https:\/\/wp.me\/p9yqPL-dNk","jetpack_likes_enabled":true,"_links":{"self":[{"href":"https:\/\/globalnewsmexico.com\/sitio\/wp-json\/wp\/v2\/posts\/53030"}],"collection":[{"href":"https:\/\/globalnewsmexico.com\/sitio\/wp-json\/wp\/v2\/posts"}],"about":[{"href":"https:\/\/globalnewsmexico.com\/sitio\/wp-json\/wp\/v2\/types\/post"}],"author":[{"embeddable":true,"href":"https:\/\/globalnewsmexico.com\/sitio\/wp-json\/wp\/v2\/users\/5"}],"replies":[{"embeddable":true,"href":"https:\/\/globalnewsmexico.com\/sitio\/wp-json\/wp\/v2\/comments?post=53030"}],"version-history":[{"count":0,"href":"https:\/\/globalnewsmexico.com\/sitio\/wp-json\/wp\/v2\/posts\/53030\/revisions"}],"wp:featuredmedia":[{"embeddable":true,"href":"https:\/\/globalnewsmexico.com\/sitio\/wp-json\/wp\/v2\/media\/53031"}],"wp:attachment":[{"href":"https:\/\/globalnewsmexico.com\/sitio\/wp-json\/wp\/v2\/media?parent=53030"}],"wp:term":[{"taxonomy":"category","embeddable":true,"href":"https:\/\/globalnewsmexico.com\/sitio\/wp-json\/wp\/v2\/categories?post=53030"},{"taxonomy":"post_tag","embeddable":true,"href":"https:\/\/globalnewsmexico.com\/sitio\/wp-json\/wp\/v2\/tags?post=53030"}],"curies":[{"name":"wp","href":"https:\/\/api.w.org\/{rel}","templated":true}]}}