{"id":53056,"date":"2020-08-31T10:07:22","date_gmt":"2020-08-31T15:07:22","guid":{"rendered":"http:\/\/globalnewsmexico.com\/sitio\/?p=53056"},"modified":"2020-08-31T10:07:28","modified_gmt":"2020-08-31T15:07:28","slug":"se-han-creado-90-mil-empleos-en-agosto-ante-coronavirus-afirma-amlo","status":"publish","type":"post","link":"https:\/\/globalnewsmexico.com\/sitio\/se-han-creado-90-mil-empleos-en-agosto-ante-coronavirus-afirma-amlo\/","title":{"rendered":"Se han creado 90 mil empleos en agosto ante coronavirus, afirma AMLO"},"content":{"rendered":"\n<p>En M\u00e9xico se han creado 90 mil empleos, de un mill\u00f3n perdidos, en lo que va de agosto, a pesar de la crisis econ\u00f3mica generada por la\u00a0pandemia de coronavirus, se\u00f1al\u00f3 el presidente\u00a0Andr\u00e9s Manuel L\u00f3pez Obrador.<\/p>\n\n\n\n<p>En\u00a0La Ma\u00f1anera de hoy, el mandatario dijo que ante el escenario de M\u00e9xico \u00ablo importante es que saldremos r\u00e1pido\u00bb, y asever\u00f3 que el pa\u00eds va \u00abavanzando poco a poco, pero vamos saliendo de esta pesadilla, va pasando la pesadilla de la pandemia\u00bb.<\/p>\n\n\n\n<p>\u00abSi salen bien los dato de estos d\u00edas que nos faltan por registrar, ya tenemos 90 mil recuperados, espero que sean 100 mil, de un mill\u00f3n perdidos; entonces, ya se detuvo la perdida de empleos formales y espero que sigamos ganando; en medida que se va normalizando la actividad productiva, vamos a ir recuperando los empleos perdidos\u00bb, coment\u00f3.<\/p>\n\n\n\n<p>L\u00f3pez Obrador enfatiz\u00f3 que en materia econ\u00f3mica \u00abnos ha ido mejor en cuanto a la estrategia, nos estamos recuperando, eso es un hecho\u00bb, ya que asegur\u00f3 que hay indicadores que demuestran que el pa\u00eds est\u00e1 saliendo de la crisis \u00abcon costos bajos, porque en otros pa\u00edses aplicaron la estrategia de siempre de endeudarse, para inyectar recursos arriba a las corporaciones\u00bb.<\/p>\n\n\n\n<p>El presidente recalc\u00f3 que su administraci\u00f3n no ha contra\u00eddo alguna deuda y la pol\u00edtica de austeridad ha sido funcional, cuando \u00abel Gobierno se apret\u00f3 el cintur\u00f3n, no como era antes que siempre se ped\u00eda al pueblo que se apretara el cintur\u00f3n\u00bb.<\/p>\n\n\n\n<p>En tanto, dijo que no habr\u00e1 despido de trabajadores, reducci\u00f3n salarial o inflaci\u00f3n, sino que por el contrario, \u00abse ampl\u00edan los montos destinados a los pobres en programas de bienestar\u00bb.<\/p>\n\n\n\n<p>\u00abTenemos finanzas p\u00fablicas sanas, no hay nada que temer, tenemos para lo fundamental, no va a haber despido de trabajadores no se va a reducir en t\u00e9rminos reales el salario, no van a faltar los alimentos b\u00e1sicos, no va a haber inflaci\u00f3n no se reducen, al contrario se ampl\u00edan los montos destinados a los pobres en programas de bienestar, no se detiene ninguna de estas obras prioritarias, se cuenta ya con presupuesto y vamos saliendo\u00bb, a\u00f1adi\u00f3.<\/p>\n\n\n\n<p>Fuente: Milenio<\/p>\n","protected":false},"excerpt":{"rendered":"<p>En M\u00e9xico se han creado 90 mil empleos, de un mill\u00f3n perdidos, en lo que va de agosto, a pesar de la crisis econ\u00f3mica generada por la\u00a0pandemia de coronavirus, se\u00f1al\u00f3 el presidente\u00a0Andr\u00e9s Manuel L\u00f3pez Obrador. En\u00a0La Ma\u00f1anera de hoy, el mandatario dijo que ante el escenario de M\u00e9xico \u00ablo importante es que saldremos r\u00e1pido\u00bb, y<a class=\"read-more\" href=\"https:\/\/globalnewsmexico.com\/sitio\/se-han-creado-90-mil-empleos-en-agosto-ante-coronavirus-afirma-amlo\/\">Leer m\u00e1s<\/a><\/p>\n","protected":false},"author":5,"featured_media":53057,"comment_status":"closed","ping_status":"open","sticky":false,"template":"","format":"standard","meta":{"spay_email":"","footnotes":""},"categories":[37,8,39,52],"tags":[],"jetpack_featured_media_url":"https:\/\/i0.wp.com\/globalnewsmexico.com\/sitio\/wp-content\/uploads\/2020\/08\/fc60a8eadb3ded1dd855724d90f2bcba_mobile_600x315.jpg?fit=1040%2C624&ssl=1","jetpack_sharing_enabled":true,"jetpack_shortlink":"https:\/\/wp.me\/p9yqPL-dNK","jetpack_likes_enabled":true,"_links":{"self":[{"href":"https:\/\/globalnewsmexico.com\/sitio\/wp-json\/wp\/v2\/posts\/53056"}],"collection":[{"href":"https:\/\/globalnewsmexico.com\/sitio\/wp-json\/wp\/v2\/posts"}],"about":[{"href":"https:\/\/globalnewsmexico.com\/sitio\/wp-json\/wp\/v2\/types\/post"}],"author":[{"embeddable":true,"href":"https:\/\/globalnewsmexico.com\/sitio\/wp-json\/wp\/v2\/users\/5"}],"replies":[{"embeddable":true,"href":"https:\/\/globalnewsmexico.com\/sitio\/wp-json\/wp\/v2\/comments?post=53056"}],"version-history":[{"count":0,"href":"https:\/\/globalnewsmexico.com\/sitio\/wp-json\/wp\/v2\/posts\/53056\/revisions"}],"wp:featuredmedia":[{"embeddable":true,"href":"https:\/\/globalnewsmexico.com\/sitio\/wp-json\/wp\/v2\/media\/53057"}],"wp:attachment":[{"href":"https:\/\/globalnewsmexico.com\/sitio\/wp-json\/wp\/v2\/media?parent=53056"}],"wp:term":[{"taxonomy":"category","embeddable":true,"href":"https:\/\/globalnewsmexico.com\/sitio\/wp-json\/wp\/v2\/categories?post=53056"},{"taxonomy":"post_tag","embeddable":true,"href":"https:\/\/globalnewsmexico.com\/sitio\/wp-json\/wp\/v2\/tags?post=53056"}],"curies":[{"name":"wp","href":"https:\/\/api.w.org\/{rel}","templated":true}]}}