{"id":53059,"date":"2020-08-31T10:30:00","date_gmt":"2020-08-31T15:30:00","guid":{"rendered":"http:\/\/globalnewsmexico.com\/sitio\/?p=53059"},"modified":"2020-08-31T10:30:04","modified_gmt":"2020-08-31T15:30:04","slug":"amlo-si-legisladores-no-hacen-tramite-para-enjuiciar-a-expresidentes-lo-hare-yo","status":"publish","type":"post","link":"https:\/\/globalnewsmexico.com\/sitio\/amlo-si-legisladores-no-hacen-tramite-para-enjuiciar-a-expresidentes-lo-hare-yo\/","title":{"rendered":"AMLO: si legisladores no hacen tr\u00e1mite para enjuiciar a expresidentes, lo har\u00e9 yo"},"content":{"rendered":"\n<p>El presidente Andr\u00e9s Manuel L\u00f3pez Obrador se\u00f1al\u00f3 que, si no se re\u00fanen las firmas o los legisladores no hacen el tr\u00e1mite para llevar a cabo la consulta para enjuiciar a expresidentes, entonces \u00e9l har\u00e1 la petici\u00f3n.<\/p>\n\n\n\n<p>Durante su conferencia de prensa ma\u00f1anera, el mandatario federal coment\u00f3 que esperar\u00e1 hasta los \u00faltimos d\u00edas para que se realice el tr\u00e1mite.<\/p>\n\n\n\n<p>\u00abPues lo voy a hacer yo para que quede abierta esa posibilidad, porque de llevarse a cabo esa consulta, ser\u00eda hasta el pr\u00f3ximo a\u00f1o\u00bb, apunt\u00f3.<\/p>\n\n\n\n<p>Dijo que \u00absi no lo hacemos del 1 al 15 de septiembre, ya no podr\u00eda hacerse legalmente, el 16 no se puede, hoy no se puede, a partir de ma\u00f1ana s\u00ed\u00bb.<\/p>\n\n\n\n<p>Fuente: Xeu Noticias<\/p>\n","protected":false},"excerpt":{"rendered":"<p>El presidente Andr\u00e9s Manuel L\u00f3pez Obrador se\u00f1al\u00f3 que, si no se re\u00fanen las firmas o los legisladores no hacen el tr\u00e1mite para llevar a cabo la consulta para enjuiciar a expresidentes, entonces \u00e9l har\u00e1 la petici\u00f3n. Durante su conferencia de prensa ma\u00f1anera, el mandatario federal coment\u00f3 que esperar\u00e1 hasta los \u00faltimos d\u00edas para que se<a class=\"read-more\" href=\"https:\/\/globalnewsmexico.com\/sitio\/amlo-si-legisladores-no-hacen-tramite-para-enjuiciar-a-expresidentes-lo-hare-yo\/\">Leer m\u00e1s<\/a><\/p>\n","protected":false},"author":5,"featured_media":53060,"comment_status":"closed","ping_status":"open","sticky":false,"template":"","format":"standard","meta":{"spay_email":"","footnotes":""},"categories":[37,8,40,52],"tags":[],"jetpack_featured_media_url":"https:\/\/i2.wp.com\/globalnewsmexico.com\/sitio\/wp-content\/uploads\/2020\/08\/1118867.jpg?fit=1024%2C678&ssl=1","jetpack_sharing_enabled":true,"jetpack_shortlink":"https:\/\/wp.me\/p9yqPL-dNN","jetpack_likes_enabled":true,"_links":{"self":[{"href":"https:\/\/globalnewsmexico.com\/sitio\/wp-json\/wp\/v2\/posts\/53059"}],"collection":[{"href":"https:\/\/globalnewsmexico.com\/sitio\/wp-json\/wp\/v2\/posts"}],"about":[{"href":"https:\/\/globalnewsmexico.com\/sitio\/wp-json\/wp\/v2\/types\/post"}],"author":[{"embeddable":true,"href":"https:\/\/globalnewsmexico.com\/sitio\/wp-json\/wp\/v2\/users\/5"}],"replies":[{"embeddable":true,"href":"https:\/\/globalnewsmexico.com\/sitio\/wp-json\/wp\/v2\/comments?post=53059"}],"version-history":[{"count":0,"href":"https:\/\/globalnewsmexico.com\/sitio\/wp-json\/wp\/v2\/posts\/53059\/revisions"}],"wp:featuredmedia":[{"embeddable":true,"href":"https:\/\/globalnewsmexico.com\/sitio\/wp-json\/wp\/v2\/media\/53060"}],"wp:attachment":[{"href":"https:\/\/globalnewsmexico.com\/sitio\/wp-json\/wp\/v2\/media?parent=53059"}],"wp:term":[{"taxonomy":"category","embeddable":true,"href":"https:\/\/globalnewsmexico.com\/sitio\/wp-json\/wp\/v2\/categories?post=53059"},{"taxonomy":"post_tag","embeddable":true,"href":"https:\/\/globalnewsmexico.com\/sitio\/wp-json\/wp\/v2\/tags?post=53059"}],"curies":[{"name":"wp","href":"https:\/\/api.w.org\/{rel}","templated":true}]}}