{"id":53082,"date":"2020-08-31T13:23:37","date_gmt":"2020-08-31T18:23:37","guid":{"rendered":"http:\/\/globalnewsmexico.com\/sitio\/?p=53082"},"modified":"2020-08-31T13:23:45","modified_gmt":"2020-08-31T18:23:45","slug":"eduardo-ramirez-nuevo-presidente-del-senado","status":"publish","type":"post","link":"https:\/\/globalnewsmexico.com\/sitio\/eduardo-ramirez-nuevo-presidente-del-senado\/","title":{"rendered":"Eduardo Ram\u00edrez, nuevo presidente del Senado"},"content":{"rendered":"\n<p>El Senado aprob\u00f3 la conformaci\u00f3n de la\u00a0Mesa Directiva propuesta por Morena, en la cual Eduardo Ram\u00edrez Aguilar presidir\u00e1, en sustituci\u00f3n de M\u00f3nica Fern\u00e1ndez, el tercer a\u00f1o de la LXIV Legislatura que iniciar\u00e1 trabajos el 1 de septiembre.\u00a0<\/p>\n\n\n\n<p>Con 101 votos a favor de 115 totales, los senadores aprobaron la planilla \u00fanica de Morena, en donde los cargos quedar\u00e1n de la siguiente manera:<\/p>\n\n\n\n<ul><li>\u00d3scar Eduardo Ram\u00edrez Aguilar, presidente de la Mesa Directiva<\/li><li>Imelda Castro, Mar\u00eda Guadalupe Murgu\u00eda y Jorge Carlos Ram\u00edrez Mar\u00edn en la vicepresidencia&nbsp;<\/li><li>Margarita Vald\u00e9s Mart\u00ednez, Mar\u00eda Merced Gonz\u00e1lez, Ver\u00f3nica Delgadillo Garc\u00eda, Nancy de la Sierra como secretarias<\/li><\/ul>\n\n\n\n<p>Tras la votaci\u00f3n, los senadores guardaron un minuto de silencio por las v\u00edctimas de Covid-19 en M\u00e9xico y posteriormente los legisladores rindieron protesta al cargo.\u00a0<\/p>\n\n\n\n<p>Por tercer a\u00f1o consecutivo y de manera in\u00e9dita, la bancada de Morena tendr\u00e1 la presidencia de la Mesa Directiva que en a\u00f1os anteriores era rolada por las tres primeras fuerzas pol\u00edticas.<\/p>\n\n\n\n<p>Luego de tocar la campana que da pie al inicio de la reuni\u00f3n, se entreg\u00f3 a 115 senadores (de 128) la c\u00e9dula de votaci\u00f3n y cada uno emiti\u00f3 su voto en una urna transparente. Los 13 votos que no fueron entregados ser\u00e1n resguardados, seg\u00fan inform\u00f3 la presidenta en turno, M\u00f3nica Fern\u00e1ndez.<\/p>\n\n\n\n<p>Los legisladores incumplieron con la solicitud de que en el Sal\u00f3n de Plenos solo estuvieran 50 personas, debido a las medidas de sana distancia. Aunque s\u00ed portaron cubrebocas y caretas.<\/p>\n\n\n\n<p>Las bancadas respaldaron la conducci\u00f3n de M\u00f3nica Fern\u00e1ndez al frente de la Mesa Directiva en el \u00faltimo a\u00f1o, \u00abeste equipo nos permiti\u00f3 salir adelante\u00bb, expres\u00f3.<\/p>\n\n\n\n<p>Fuente: Milenio<\/p>\n","protected":false},"excerpt":{"rendered":"<p>El Senado aprob\u00f3 la conformaci\u00f3n de la\u00a0Mesa Directiva propuesta por Morena, en la cual Eduardo Ram\u00edrez Aguilar presidir\u00e1, en sustituci\u00f3n de M\u00f3nica Fern\u00e1ndez, el tercer a\u00f1o de la LXIV Legislatura que iniciar\u00e1 trabajos el 1 de septiembre.\u00a0 Con 101 votos a favor de 115 totales, los senadores aprobaron la planilla \u00fanica de Morena, en donde<a class=\"read-more\" href=\"https:\/\/globalnewsmexico.com\/sitio\/eduardo-ramirez-nuevo-presidente-del-senado\/\">Leer m\u00e1s<\/a><\/p>\n","protected":false},"author":5,"featured_media":53083,"comment_status":"closed","ping_status":"open","sticky":false,"template":"","format":"standard","meta":{"spay_email":"","footnotes":""},"categories":[37,8,49,52],"tags":[],"jetpack_featured_media_url":"https:\/\/i1.wp.com\/globalnewsmexico.com\/sitio\/wp-content\/uploads\/2020\/08\/senado-continua-proceso-votacion-integracion.jpg?fit=958%2C596&ssl=1","jetpack_sharing_enabled":true,"jetpack_shortlink":"https:\/\/wp.me\/p9yqPL-dOa","jetpack_likes_enabled":true,"_links":{"self":[{"href":"https:\/\/globalnewsmexico.com\/sitio\/wp-json\/wp\/v2\/posts\/53082"}],"collection":[{"href":"https:\/\/globalnewsmexico.com\/sitio\/wp-json\/wp\/v2\/posts"}],"about":[{"href":"https:\/\/globalnewsmexico.com\/sitio\/wp-json\/wp\/v2\/types\/post"}],"author":[{"embeddable":true,"href":"https:\/\/globalnewsmexico.com\/sitio\/wp-json\/wp\/v2\/users\/5"}],"replies":[{"embeddable":true,"href":"https:\/\/globalnewsmexico.com\/sitio\/wp-json\/wp\/v2\/comments?post=53082"}],"version-history":[{"count":0,"href":"https:\/\/globalnewsmexico.com\/sitio\/wp-json\/wp\/v2\/posts\/53082\/revisions"}],"wp:featuredmedia":[{"embeddable":true,"href":"https:\/\/globalnewsmexico.com\/sitio\/wp-json\/wp\/v2\/media\/53083"}],"wp:attachment":[{"href":"https:\/\/globalnewsmexico.com\/sitio\/wp-json\/wp\/v2\/media?parent=53082"}],"wp:term":[{"taxonomy":"category","embeddable":true,"href":"https:\/\/globalnewsmexico.com\/sitio\/wp-json\/wp\/v2\/categories?post=53082"},{"taxonomy":"post_tag","embeddable":true,"href":"https:\/\/globalnewsmexico.com\/sitio\/wp-json\/wp\/v2\/tags?post=53082"}],"curies":[{"name":"wp","href":"https:\/\/api.w.org\/{rel}","templated":true}]}}