{"id":53120,"date":"2020-09-01T12:44:59","date_gmt":"2020-09-01T17:44:59","guid":{"rendered":"http:\/\/globalnewsmexico.com\/sitio\/?p=53120"},"modified":"2020-09-01T12:45:02","modified_gmt":"2020-09-01T17:45:02","slug":"amlo-en-2021-habra-internet-en-todo-el-pais","status":"publish","type":"post","link":"https:\/\/globalnewsmexico.com\/sitio\/amlo-en-2021-habra-internet-en-todo-el-pais\/","title":{"rendered":"AMLO: en 2021 habr\u00e1 internet en todo el pa\u00eds"},"content":{"rendered":"\n<p>En M\u00e9xico ya hay 26 mil 789 localidades que tienen conectividad a internet, a trav\u00e9s del programa &#8216;Internet para todos&#8217;, por lo que se estima que en 2021 habr\u00e1 se\u00f1al en todo el territorio nacional, indic\u00f3 el presidente\u00a0Andr\u00e9s Manuel L\u00f3pez Obrador.<\/p>\n\n\n\n<p>En su Segundo Informe de Gobierno en Palacio Nacional, indic\u00f3 que para disminuir la desigualdad en las comunidades m\u00e1s alejadas del pa\u00eds se ha fortalecido el Banco del Bienestar, ya que se han construido hasta ahora 226 sucursales con el apoyo de ingenieros militares, pero para 2021 se habr\u00e1n construido 26 mil 789 sucursales en las comunidades m\u00e1s alejadas de la Rep\u00fablica.<\/p>\n\n\n\n<p>\u201cSe ha fortalecido el Banco del Bienestar, con el prop\u00f3sito de que la gente de las comunidades m\u00e1s apartadas pueda recibir lo que le corresponde, sin tener que recorrer largas distancias\u201d, dijo.<\/p>\n\n\n\n<p>La empresa encargada del desarrollo de la infraestructura es una empresa subsidiaria de la Comisi\u00f3n Federal de Electricidad (CFE), cuya funci\u00f3n es conformar una red p\u00fablica de telecomunicaciones sin fines de lucro, en condiciones de acceso efectivo a la poblaci\u00f3n que no cuente con cobertura de dichos servicios.<\/p>\n\n\n\n<p>Fuente: Milenio<\/p>\n","protected":false},"excerpt":{"rendered":"<p>En M\u00e9xico ya hay 26 mil 789 localidades que tienen conectividad a internet, a trav\u00e9s del programa &#8216;Internet para todos&#8217;, por lo que se estima que en 2021 habr\u00e1 se\u00f1al en todo el territorio nacional, indic\u00f3 el presidente\u00a0Andr\u00e9s Manuel L\u00f3pez Obrador. En su Segundo Informe de Gobierno en Palacio Nacional, indic\u00f3 que para disminuir la<a class=\"read-more\" href=\"https:\/\/globalnewsmexico.com\/sitio\/amlo-en-2021-habra-internet-en-todo-el-pais\/\">Leer m\u00e1s<\/a><\/p>\n","protected":false},"author":5,"featured_media":53121,"comment_status":"closed","ping_status":"open","sticky":false,"template":"","format":"standard","meta":{"spay_email":"","footnotes":""},"categories":[37,8,40,52],"tags":[],"jetpack_featured_media_url":"https:\/\/i0.wp.com\/globalnewsmexico.com\/sitio\/wp-content\/uploads\/2020\/09\/cfe-telecomunicaciones-internet-inversion-publica_0_25_958_597.jpg?fit=958%2C596&ssl=1","jetpack_sharing_enabled":true,"jetpack_shortlink":"https:\/\/wp.me\/p9yqPL-dOM","jetpack_likes_enabled":true,"_links":{"self":[{"href":"https:\/\/globalnewsmexico.com\/sitio\/wp-json\/wp\/v2\/posts\/53120"}],"collection":[{"href":"https:\/\/globalnewsmexico.com\/sitio\/wp-json\/wp\/v2\/posts"}],"about":[{"href":"https:\/\/globalnewsmexico.com\/sitio\/wp-json\/wp\/v2\/types\/post"}],"author":[{"embeddable":true,"href":"https:\/\/globalnewsmexico.com\/sitio\/wp-json\/wp\/v2\/users\/5"}],"replies":[{"embeddable":true,"href":"https:\/\/globalnewsmexico.com\/sitio\/wp-json\/wp\/v2\/comments?post=53120"}],"version-history":[{"count":0,"href":"https:\/\/globalnewsmexico.com\/sitio\/wp-json\/wp\/v2\/posts\/53120\/revisions"}],"wp:featuredmedia":[{"embeddable":true,"href":"https:\/\/globalnewsmexico.com\/sitio\/wp-json\/wp\/v2\/media\/53121"}],"wp:attachment":[{"href":"https:\/\/globalnewsmexico.com\/sitio\/wp-json\/wp\/v2\/media?parent=53120"}],"wp:term":[{"taxonomy":"category","embeddable":true,"href":"https:\/\/globalnewsmexico.com\/sitio\/wp-json\/wp\/v2\/categories?post=53120"},{"taxonomy":"post_tag","embeddable":true,"href":"https:\/\/globalnewsmexico.com\/sitio\/wp-json\/wp\/v2\/tags?post=53120"}],"curies":[{"name":"wp","href":"https:\/\/api.w.org\/{rel}","templated":true}]}}