{"id":53174,"date":"2020-09-02T11:47:13","date_gmt":"2020-09-02T16:47:13","guid":{"rendered":"http:\/\/globalnewsmexico.com\/sitio\/?p=53174"},"modified":"2020-09-02T11:47:32","modified_gmt":"2020-09-02T16:47:32","slug":"acusan-terrorismo-en-protestas-de-ee-uu-trump-respalda-a-policias","status":"publish","type":"post","link":"https:\/\/globalnewsmexico.com\/sitio\/acusan-terrorismo-en-protestas-de-ee-uu-trump-respalda-a-policias\/","title":{"rendered":"Acusan terrorismo en protestas de EE. UU.; Trump respalda a polic\u00edas"},"content":{"rendered":"\n<p>El presidente de Estados Unidos, Donald Trump, compar\u00f3 las protestas contra la brutalidad policial y el racismo con terrorismo.<\/p>\n\n\n\n<p>\u00abEstos no son actos de protesta pac\u00edfica, sino de terrorismo interno\u201d, declar\u00f3 Trump ante l\u00edderes empresariales locales en una escuela secundaria.<\/p>\n\n\n\n<p>Ayer Trump viaj\u00f3 a la ciudad de Kenosha, en Wisconsin, epicentro de una ola de protestas a ra\u00edz de la agresi\u00f3n policial contra Jacob Blake, un joven de 29 a\u00f1os que fue baleado por agentes.<\/p>\n\n\n\n<p>El mandatario critic\u00f3 a los gobernadores y alcaldes dem\u00f3cratas por no aceptar la oferta de ayuda federal.<\/p>\n\n\n\n<p>\u00abSimplemente, no quieren que vengamos aqu\u00ed. Estos gobernadores no quieren llamar y los alcaldes tampoco. Tienen que pedirlo\u201d, insisti\u00f3.<\/p>\n\n\n\n<p>Trump recorri\u00f3 los restos calcinados de una manzana que result\u00f3 afectada durante las movilizaciones.<\/p>\n\n\n\n<p>El mandatario se reuni\u00f3 con los propietarios de una tienda de antig\u00fcedades que hab\u00eda sido destruida y culp\u00f3 a sus rivales pol\u00edticos por omisiones ante el caso.<\/p>\n\n\n\n<p>Por la tarde, simpatizantes republicanos chocaron con representantes del movimiento antirracista.<\/p>\n\n\n\n<p>Portando banderas en apoyo al presidente, una caravana pas\u00f3 frente a los manifestantes, mientras que otros lo abucheaban.<\/p>\n\n\n\n<p>En ese contexto, las autoridades desplegaron polic\u00edas y veh\u00edculos blindados. Se colocaron barricadas a lo largo de varias de las principales avenidas de la ciudad para dispersar a espectadores.<\/p>\n\n\n\n<p>Kenosha, Wisconsin, al norte de Estados Unidos, ha sido escenario de protestas desde el 23 de agosto, cuando Blake fue baleado siete veces en la espalda por la polic\u00eda mientras se estaba subiendo a un veh\u00edculo en un intento de arrestarlo.<\/p>\n\n\n\n<p>Si bien hubo m\u00e1s de 30 incendios provocados en las primeras tres noches, la situaci\u00f3n se ha calmado desde entonces.<\/p>\n\n\n\n<p>En su recorrido, el mandatario eludi\u00f3 se\u00f1alar cualquier tipo de racismo estructural en la naci\u00f3n o en sus departamentos de polic\u00eda, en cambio acus\u00f3 una ret\u00f3rica contra la polic\u00eda.<\/p>\n\n\n\n<p>Fuente: Agencias<\/p>\n","protected":false},"excerpt":{"rendered":"<p>El presidente de Estados Unidos, Donald Trump, compar\u00f3 las protestas contra la brutalidad policial y el racismo con terrorismo. \u00abEstos no son actos de protesta pac\u00edfica, sino de terrorismo interno\u201d, declar\u00f3 Trump ante l\u00edderes empresariales locales en una escuela secundaria. Ayer Trump viaj\u00f3 a la ciudad de Kenosha, en Wisconsin, epicentro de una ola de<a class=\"read-more\" href=\"https:\/\/globalnewsmexico.com\/sitio\/acusan-terrorismo-en-protestas-de-ee-uu-trump-respalda-a-policias\/\">Leer m\u00e1s<\/a><\/p>\n","protected":false},"author":5,"featured_media":53176,"comment_status":"closed","ping_status":"open","sticky":false,"template":"","format":"standard","meta":{"spay_email":"","footnotes":""},"categories":[37,8,48,52],"tags":[],"jetpack_featured_media_url":"https:\/\/i1.wp.com\/globalnewsmexico.com\/sitio\/wp-content\/uploads\/2020\/09\/2432656.jpg?fit=1040%2C780&ssl=1","jetpack_sharing_enabled":true,"jetpack_shortlink":"https:\/\/wp.me\/p9yqPL-dPE","jetpack_likes_enabled":true,"_links":{"self":[{"href":"https:\/\/globalnewsmexico.com\/sitio\/wp-json\/wp\/v2\/posts\/53174"}],"collection":[{"href":"https:\/\/globalnewsmexico.com\/sitio\/wp-json\/wp\/v2\/posts"}],"about":[{"href":"https:\/\/globalnewsmexico.com\/sitio\/wp-json\/wp\/v2\/types\/post"}],"author":[{"embeddable":true,"href":"https:\/\/globalnewsmexico.com\/sitio\/wp-json\/wp\/v2\/users\/5"}],"replies":[{"embeddable":true,"href":"https:\/\/globalnewsmexico.com\/sitio\/wp-json\/wp\/v2\/comments?post=53174"}],"version-history":[{"count":0,"href":"https:\/\/globalnewsmexico.com\/sitio\/wp-json\/wp\/v2\/posts\/53174\/revisions"}],"wp:featuredmedia":[{"embeddable":true,"href":"https:\/\/globalnewsmexico.com\/sitio\/wp-json\/wp\/v2\/media\/53176"}],"wp:attachment":[{"href":"https:\/\/globalnewsmexico.com\/sitio\/wp-json\/wp\/v2\/media?parent=53174"}],"wp:term":[{"taxonomy":"category","embeddable":true,"href":"https:\/\/globalnewsmexico.com\/sitio\/wp-json\/wp\/v2\/categories?post=53174"},{"taxonomy":"post_tag","embeddable":true,"href":"https:\/\/globalnewsmexico.com\/sitio\/wp-json\/wp\/v2\/tags?post=53174"}],"curies":[{"name":"wp","href":"https:\/\/api.w.org\/{rel}","templated":true}]}}