{"id":53188,"date":"2020-09-02T14:57:22","date_gmt":"2020-09-02T19:57:22","guid":{"rendered":"http:\/\/globalnewsmexico.com\/sitio\/?p=53188"},"modified":"2020-09-02T14:57:26","modified_gmt":"2020-09-02T19:57:26","slug":"america-con-el-mayor-numero-de-personal-medico-infectado-de-covid-19-ops","status":"publish","type":"post","link":"https:\/\/globalnewsmexico.com\/sitio\/america-con-el-mayor-numero-de-personal-medico-infectado-de-covid-19-ops\/","title":{"rendered":"Am\u00e9rica, con el mayor n\u00famero de personal m\u00e9dico infectado de Covid-19: OPS"},"content":{"rendered":"\n<p>El continente americano registra el mayor n\u00famero de\u00a0trabajadores de la salud infectados de Covid-19\u00a0en el mundo, a pesar de que estos profesionales representan \u00abuna peque\u00f1a fracci\u00f3n\u00bb de la poblaci\u00f3n, dijo la directora de la Organizaci\u00f3n Panamericana de la Salud (OPS).<\/p>\n\n\n\n<p>\u00abNuestros datos muestran que casi 570 mil trabajadores de la salud en toda nuestra regi\u00f3n han enfermado y m\u00e1s de 2 mil 500 han sucumbido al virus. Seg\u00fan estos datos, hasta la fecha tenemos el mayor n\u00famero de trabajadores de la salud infectados en el mundo\u00bb, se\u00f1al\u00f3 Carissa Etienne, durante una videoconferencia de prensa.<\/p>\n\n\n\n<p>Indic\u00f3 que a pesar de \u00abtendencias esperanzadoras\u00bb en la regi\u00f3n, \u00abel costo humano de esta pandemia sigue siendo inaceptablemente alto, con casi 4 mil muertes al d\u00eda en nuestra regi\u00f3n\u00bb y \u00abning\u00fan otro grupo lo ha sentido m\u00e1s agudamente\u00bb que quienes conforman la fuerza laboral de atenci\u00f3n sanitaria.<\/p>\n\n\n\n<p>Etienne destac\u00f3 que las mujeres,\u00a0mayor\u00eda entre el personal de salud de la regi\u00f3n de las Am\u00e9ricas, son tambi\u00e9n las m\u00e1s afectadas, representando casi las tres cuartas partes de los trabajadores de salud diagnosticados con Covid-19.<\/p>\n\n\n\n<p>\u201cEstas cifras son alarmantes y plantean la pregunta: \u00bfpor qu\u00e9 est\u00e1n contrayendo la infecci\u00f3n tantos trabajadores de salud? Y la respuesta es que se les envi\u00f3 a tratar a pacientes sin la adecuada preparaci\u00f3n.<\/p>\n\n\n\n<p>\u201cA medida que los pa\u00edses luchaban por responder al virus, muchos trabajadores de salud fueron redirigidos a la respuesta al brote sin la capacitaci\u00f3n suficiente para protegerse mientras trataban a pacientes con Covid-19&#8243;, agreg\u00f3.<\/p>\n\n\n\n<p>En\u00a0Estados Unidos y M\u00e9xico, dos de los pa\u00edses m\u00e1s afectados por la pandemia, los trabajadores de la salud contagiados equivalen a uno de cada siete casos.<\/p>\n\n\n\n<p>\u00abDe hecho, Estados Unidos y M\u00e9xico representan casi el 85 por ciento de todas las muertes por Covid entre los trabajadores de la salud en nuestra regi\u00f3n\u00bb, dijo Etienne.<\/p>\n\n\n\n<p>Desde el comienzo de la epidemia en diciembre,\u00a0Am\u00e9rica Latina y el Caribe sumaban 280 mil 367 fallecidos\u00a0y 7 millones 437 mil 660 contagios y Estados Unidos y Canad\u00e1, 193 mil 854, con 6 millones 205 mil 463 contagios, seg\u00fan un conteo de AFP en base a fuentes oficiales.<\/p>\n\n\n\n<p>Etienne not\u00f3 que tras \u00abmeses de propagaci\u00f3n implacable, los casos se est\u00e1n estabilizando en Estados Unidos y Brasil\u00bb, los pa\u00edses m\u00e1s afectados en la regi\u00f3n.<\/p>\n\n\n\n<p>Advirti\u00f3 que ambos contin\u00faan reportando la mayor\u00eda de los casos nuevos de Covid-19 a nivel mundial, \u00abuna clara se\u00f1al de que la transmisi\u00f3n a\u00fan est\u00e1 activa\u00bb.<\/p>\n\n\n\n<p>Agreg\u00f3 que \u201ces sorprendente que decenas de trabajadores de salud hayan sido agredidos\u00a0en los \u00faltimos meses como resultado del miedo, la desinformaci\u00f3n o la frustraci\u00f3n del p\u00fablico por esta pandemia\u201d.<\/p>\n\n\n\n<h2 class=\"wp-block-heading\"><strong>Los casos en M\u00e9xico<\/strong><\/h2>\n\n\n\n<p>Etienne tambi\u00e9n dijo que una encuesta al personal de salud en M\u00e9xico, revel\u00f3 que casi la mitad no recibi\u00f3 equipo de protecci\u00f3n en el trabajo.\u00a0<\/p>\n\n\n\n<p>\u201cM\u00e9xico es un pa\u00eds extenso y la pandemia tiene diferentes grados de transmisi\u00f3n. Pero, podemos decir que esta semana un estado est\u00e1 en rojo, 21 en naranja y 10 en amarillo; esto significa que por supuesto hay una evoluci\u00f3n positiva en algunos indicadores, por ejemplo en tendencia de n\u00fameros de casos, ocupaci\u00f3n de camas hospitalarias, tasa de positividad de los ex\u00e1menes\u201d, resalt\u00f3.<\/p>\n\n\n\n<p>Concluy\u00f3 que el pa\u00eds ha modificado su definici\u00f3n de casos sospechosos, de infecci\u00f3n respiratoria aguda, con el fin de captar m\u00e1s casos, as\u00ed como de tomar las decisiones adecuadas para enfrentar mejor esa alta positividad de las pruebas que ten\u00eda y que muestra hasta el momento.<\/p>\n\n\n\n<p>\u201cLa recomendaci\u00f3n general es que en M\u00e9xico y en todos los pa\u00edses que est\u00e1n mostrando una tendencia a la reducci\u00f3n de casos, hay que extremar las medidas de precauci\u00f3n, el distanciamiento f\u00edsico y el uso de las mascarillas\u201d, puntualiz\u00f3.<\/p>\n\n\n\n<p>Fuente: Milenio<\/p>\n","protected":false},"excerpt":{"rendered":"<p>El continente americano registra el mayor n\u00famero de\u00a0trabajadores de la salud infectados de Covid-19\u00a0en el mundo, a pesar de que estos profesionales representan \u00abuna peque\u00f1a fracci\u00f3n\u00bb de la poblaci\u00f3n, dijo la directora de la Organizaci\u00f3n Panamericana de la Salud (OPS). \u00abNuestros datos muestran que casi 570 mil trabajadores de la salud en toda nuestra regi\u00f3n<a class=\"read-more\" href=\"https:\/\/globalnewsmexico.com\/sitio\/america-con-el-mayor-numero-de-personal-medico-infectado-de-covid-19-ops\/\">Leer m\u00e1s<\/a><\/p>\n","protected":false},"author":5,"featured_media":53194,"comment_status":"closed","ping_status":"open","sticky":false,"template":"","format":"standard","meta":{"spay_email":"","footnotes":""},"categories":[37,8,48,52],"tags":[],"jetpack_featured_media_url":"https:\/\/i2.wp.com\/globalnewsmexico.com\/sitio\/wp-content\/uploads\/2020\/09\/mujeres-mayoria-personal-salud-region_149_93_902_561.jpg?fit=958%2C596&ssl=1","jetpack_sharing_enabled":true,"jetpack_shortlink":"https:\/\/wp.me\/p9yqPL-dPS","jetpack_likes_enabled":true,"_links":{"self":[{"href":"https:\/\/globalnewsmexico.com\/sitio\/wp-json\/wp\/v2\/posts\/53188"}],"collection":[{"href":"https:\/\/globalnewsmexico.com\/sitio\/wp-json\/wp\/v2\/posts"}],"about":[{"href":"https:\/\/globalnewsmexico.com\/sitio\/wp-json\/wp\/v2\/types\/post"}],"author":[{"embeddable":true,"href":"https:\/\/globalnewsmexico.com\/sitio\/wp-json\/wp\/v2\/users\/5"}],"replies":[{"embeddable":true,"href":"https:\/\/globalnewsmexico.com\/sitio\/wp-json\/wp\/v2\/comments?post=53188"}],"version-history":[{"count":0,"href":"https:\/\/globalnewsmexico.com\/sitio\/wp-json\/wp\/v2\/posts\/53188\/revisions"}],"wp:featuredmedia":[{"embeddable":true,"href":"https:\/\/globalnewsmexico.com\/sitio\/wp-json\/wp\/v2\/media\/53194"}],"wp:attachment":[{"href":"https:\/\/globalnewsmexico.com\/sitio\/wp-json\/wp\/v2\/media?parent=53188"}],"wp:term":[{"taxonomy":"category","embeddable":true,"href":"https:\/\/globalnewsmexico.com\/sitio\/wp-json\/wp\/v2\/categories?post=53188"},{"taxonomy":"post_tag","embeddable":true,"href":"https:\/\/globalnewsmexico.com\/sitio\/wp-json\/wp\/v2\/tags?post=53188"}],"curies":[{"name":"wp","href":"https:\/\/api.w.org\/{rel}","templated":true}]}}