{"id":53197,"date":"2020-09-02T15:26:29","date_gmt":"2020-09-02T20:26:29","guid":{"rendered":"http:\/\/globalnewsmexico.com\/sitio\/?p=53197"},"modified":"2020-09-02T15:26:40","modified_gmt":"2020-09-02T20:26:40","slug":"confirma-manuel-huerta-construccion-de-cuartel-para-guardia-nacional-en-xalapa","status":"publish","type":"post","link":"https:\/\/globalnewsmexico.com\/sitio\/confirma-manuel-huerta-construccion-de-cuartel-para-guardia-nacional-en-xalapa\/","title":{"rendered":"Confirma Manuel Huerta construcci\u00f3n de cuartel para Guardia Nacional en Xalapa"},"content":{"rendered":"\n<p>El delegado de los programas de Bienestar, Manuel Huerta Ladr\u00f3n de Guevara, confirm\u00f3 la construcci\u00f3n del cuartel para la Guardia Nacional en el Lote 15, cerca del parque La Loma, en Xalapa, el cual podr\u00e1 resguardar a 200 elementos de esta corporaci\u00f3n de seguridad federal.<\/p>\n\n\n\n<p>En ese sentido, Ladr\u00f3n de Guevara expuso que es necesario construir un cuartel en esa zona de Xalapa, porque es la salida hacia el municipio de Coatepec y la regi\u00f3n de las altas monta\u00f1as.<\/p>\n\n\n\n<p>\u00abPodr\u00e1 haber cerca de dos centenas, distribuidos en Xalapa y la regi\u00f3n, es un punto que conecta a Xalapa con Coatepec y ser\u00e1 de beneficio\u00bb, dijo.<\/p>\n\n\n\n<p>Explic\u00f3 que se trata de una situaci\u00f3n prioritaria para la regi\u00f3n de Xalapa.<\/p>\n\n\n\n<p>\u00abEstamos presentes en coordinaci\u00f3n, pero no tienen un lugar donde puedan hacer su vida cotidiana. El proyecto ser\u00e1 pronto, el Ej\u00e9rcito Mexicano est\u00e1 a cargo de las obras, estar\u00e1 en meses. Lo importante es que se resolvieron en armon\u00eda las iniciativas del gobernador Cuitl\u00e1huac Garc\u00eda Jim\u00e9nez y del alcalde, y todo a voluntad del presidente Andr\u00e9s Manuel L\u00f3pez Obrador y la voluntad de los ciudadanos\u00bb, apunt\u00f3.<\/p>\n\n\n\n<p>Precis\u00f3 que garantizar la seguridad para los ciudadanos no solo implica la reuni\u00f3n de autoridades en la Mesa de Construcci\u00f3n para la Paz, que tiene por encargo combatir a la delincuencia con acciones coordinadas de los gobiernos federal y estatal, sino que se requieren las acciones preventivas de las polic\u00edas municipales.<\/p>\n","protected":false},"excerpt":{"rendered":"<p>El delegado de los programas de Bienestar, Manuel Huerta Ladr\u00f3n de Guevara, confirm\u00f3 la construcci\u00f3n del cuartel para la Guardia Nacional en el Lote 15, cerca del parque La Loma, en Xalapa, el cual podr\u00e1 resguardar a 200 elementos de esta corporaci\u00f3n de seguridad federal. En ese sentido, Ladr\u00f3n de Guevara expuso que es necesario<a class=\"read-more\" href=\"https:\/\/globalnewsmexico.com\/sitio\/confirma-manuel-huerta-construccion-de-cuartel-para-guardia-nacional-en-xalapa\/\">Leer m\u00e1s<\/a><\/p>\n","protected":false},"author":5,"featured_media":33163,"comment_status":"closed","ping_status":"open","sticky":false,"template":"","format":"standard","meta":{"spay_email":"","footnotes":""},"categories":[37,8,50,52],"tags":[],"jetpack_featured_media_url":"https:\/\/i0.wp.com\/globalnewsmexico.com\/sitio\/wp-content\/uploads\/2019\/08\/huerta.jpg?fit=1040%2C663&ssl=1","jetpack_sharing_enabled":true,"jetpack_shortlink":"https:\/\/wp.me\/p9yqPL-dQ1","jetpack_likes_enabled":true,"_links":{"self":[{"href":"https:\/\/globalnewsmexico.com\/sitio\/wp-json\/wp\/v2\/posts\/53197"}],"collection":[{"href":"https:\/\/globalnewsmexico.com\/sitio\/wp-json\/wp\/v2\/posts"}],"about":[{"href":"https:\/\/globalnewsmexico.com\/sitio\/wp-json\/wp\/v2\/types\/post"}],"author":[{"embeddable":true,"href":"https:\/\/globalnewsmexico.com\/sitio\/wp-json\/wp\/v2\/users\/5"}],"replies":[{"embeddable":true,"href":"https:\/\/globalnewsmexico.com\/sitio\/wp-json\/wp\/v2\/comments?post=53197"}],"version-history":[{"count":0,"href":"https:\/\/globalnewsmexico.com\/sitio\/wp-json\/wp\/v2\/posts\/53197\/revisions"}],"wp:featuredmedia":[{"embeddable":true,"href":"https:\/\/globalnewsmexico.com\/sitio\/wp-json\/wp\/v2\/media\/33163"}],"wp:attachment":[{"href":"https:\/\/globalnewsmexico.com\/sitio\/wp-json\/wp\/v2\/media?parent=53197"}],"wp:term":[{"taxonomy":"category","embeddable":true,"href":"https:\/\/globalnewsmexico.com\/sitio\/wp-json\/wp\/v2\/categories?post=53197"},{"taxonomy":"post_tag","embeddable":true,"href":"https:\/\/globalnewsmexico.com\/sitio\/wp-json\/wp\/v2\/tags?post=53197"}],"curies":[{"name":"wp","href":"https:\/\/api.w.org\/{rel}","templated":true}]}}