{"id":53198,"date":"2020-09-02T15:31:15","date_gmt":"2020-09-02T20:31:15","guid":{"rendered":"http:\/\/globalnewsmexico.com\/sitio\/?p=53198"},"modified":"2020-09-02T15:31:19","modified_gmt":"2020-09-02T20:31:19","slug":"proximo-6-de-septiembre-reabriran-templos-evangelicos","status":"publish","type":"post","link":"https:\/\/globalnewsmexico.com\/sitio\/proximo-6-de-septiembre-reabriran-templos-evangelicos\/","title":{"rendered":"Pr\u00f3ximo 6 de septiembre reabrir\u00e1n templos evang\u00e9licos"},"content":{"rendered":"\n<p>Derivado de la crisis sanitaria por el Covid-19, la Iglesia Evang\u00e9lica atraviesa por una dura crisis econ\u00f3mica, reconoci\u00f3 el presidente del Consejo Representativo de Iglesias Evang\u00e9licas en el Estado de Veracruz, Alfredo Luna Murillo.<\/p>\n\n\n\n<p>Dijo que los ingresos a trav\u00e9s de ofrendas o diezmos se redujeron hasta un 80 por ciento, ocasionando repercusiones econ\u00f3micas en todos los templos de la Entidad.<\/p>\n\n\n\n<p>\u201cEs un caos econ\u00f3mico, pero sabemos que vamos a salir adelante. Invito a toda la ciudadan\u00eda no solo de mi religi\u00f3n, sino todas, a que apoyen a sus ministros pues es un trabajo y a trav\u00e9s de las limosnas son como se les paga\u201d, se\u00f1al\u00f3.<\/p>\n\n\n\n<p>El l\u00edder evang\u00e9lico subray\u00f3 que a partir del pr\u00f3ximo 6 de septiembre, los templos comenzar\u00e1n a reabrir, aunque bajo los lineamientos seguros requeridos por la Secretar\u00eda de Salud de Veracruz.<\/p>\n\n\n\n<p>\u201cHay municipios en amarillo donde ya podr\u00e1n ir ni\u00f1os y adultos mayores, otros, que est\u00e1n en naranja como el caso de C\u00f3rdoba, donde s\u00f3lo se admitir\u00e1 el 25 por ciento de la gente y no se permitir\u00e1 la entrada a ni\u00f1os y ancianos\u201d, agreg\u00f3.<\/p>\n\n\n\n<p>Luna Murillo subray\u00f3 que los asistentes deber\u00e1n respetar la sana distancia, usar el cubrebocas y el uso de gel antibacterial, adem\u00e1s de que no se permitir\u00e1 la venta de comida, esto con el fin de prevenir casos de coronavirus.<\/p>\n","protected":false},"excerpt":{"rendered":"<p>Derivado de la crisis sanitaria por el Covid-19, la Iglesia Evang\u00e9lica atraviesa por una dura crisis econ\u00f3mica, reconoci\u00f3 el presidente del Consejo Representativo de Iglesias Evang\u00e9licas en el Estado de Veracruz, Alfredo Luna Murillo. Dijo que los ingresos a trav\u00e9s de ofrendas o diezmos se redujeron hasta un 80 por ciento, ocasionando repercusiones econ\u00f3micas en<a class=\"read-more\" href=\"https:\/\/globalnewsmexico.com\/sitio\/proximo-6-de-septiembre-reabriran-templos-evangelicos\/\">Leer m\u00e1s<\/a><\/p>\n","protected":false},"author":5,"featured_media":53199,"comment_status":"closed","ping_status":"open","sticky":false,"template":"","format":"standard","meta":{"spay_email":"","footnotes":""},"categories":[37,8,50,52],"tags":[],"jetpack_featured_media_url":"https:\/\/i1.wp.com\/globalnewsmexico.com\/sitio\/wp-content\/uploads\/2020\/09\/17a1f274-d4b1-436b-9225-34c7654db319.jpg?fit=1040%2C900&ssl=1","jetpack_sharing_enabled":true,"jetpack_shortlink":"https:\/\/wp.me\/p9yqPL-dQ2","jetpack_likes_enabled":true,"_links":{"self":[{"href":"https:\/\/globalnewsmexico.com\/sitio\/wp-json\/wp\/v2\/posts\/53198"}],"collection":[{"href":"https:\/\/globalnewsmexico.com\/sitio\/wp-json\/wp\/v2\/posts"}],"about":[{"href":"https:\/\/globalnewsmexico.com\/sitio\/wp-json\/wp\/v2\/types\/post"}],"author":[{"embeddable":true,"href":"https:\/\/globalnewsmexico.com\/sitio\/wp-json\/wp\/v2\/users\/5"}],"replies":[{"embeddable":true,"href":"https:\/\/globalnewsmexico.com\/sitio\/wp-json\/wp\/v2\/comments?post=53198"}],"version-history":[{"count":0,"href":"https:\/\/globalnewsmexico.com\/sitio\/wp-json\/wp\/v2\/posts\/53198\/revisions"}],"wp:featuredmedia":[{"embeddable":true,"href":"https:\/\/globalnewsmexico.com\/sitio\/wp-json\/wp\/v2\/media\/53199"}],"wp:attachment":[{"href":"https:\/\/globalnewsmexico.com\/sitio\/wp-json\/wp\/v2\/media?parent=53198"}],"wp:term":[{"taxonomy":"category","embeddable":true,"href":"https:\/\/globalnewsmexico.com\/sitio\/wp-json\/wp\/v2\/categories?post=53198"},{"taxonomy":"post_tag","embeddable":true,"href":"https:\/\/globalnewsmexico.com\/sitio\/wp-json\/wp\/v2\/tags?post=53198"}],"curies":[{"name":"wp","href":"https:\/\/api.w.org\/{rel}","templated":true}]}}