{"id":53219,"date":"2020-09-03T09:48:40","date_gmt":"2020-09-03T14:48:40","guid":{"rendered":"http:\/\/globalnewsmexico.com\/sitio\/?p=53219"},"modified":"2020-09-03T09:48:45","modified_gmt":"2020-09-03T14:48:45","slug":"amlo-celebra-aprobacion-de-reforma-en-san-lazaro-para-eliminar-fuero-presidencial","status":"publish","type":"post","link":"https:\/\/globalnewsmexico.com\/sitio\/amlo-celebra-aprobacion-de-reforma-en-san-lazaro-para-eliminar-fuero-presidencial\/","title":{"rendered":"AMLO celebra aprobaci\u00f3n de reforma en San L\u00e1zaro para eliminar fuero presidencial"},"content":{"rendered":"\n<p>El presidente\u00a0Andr\u00e9s Manuel L\u00f3pez Obrador\u00a0celebr\u00f3 que en la C\u00e1mara de Diputados se haya aprobado la\u00a0reforma constitucional para acotar el fuero presidencial, y establecer la posibilidad de imputarlo y juzgarlo no solo por traici\u00f3n a la patria y delitos graves, sino tambi\u00e9n por hechos de corrupci\u00f3n, delitos electorales y cualquier otro acto il\u00edcito.\u00a0<\/p>\n\n\n\n<p>En\u00a0La Ma\u00f1anera de hoy en Palacio Nacional, el mandatario estim\u00f3 que en el Senado ocurra lo mismo al ser turnada para su an\u00e1lisis y eventual ratificaci\u00f3n, al considerar que no cree que haya problema en esta ruta legislativa \u00aby como es una reforma constitucional luego va a pasar a los Congresos locales para su aprobaci\u00f3n definitiva\u00bb.\u00a0\u00a0<\/p>\n\n\n\n<p>\u00abBuena noticia es que se aprob\u00f3 ayer que se quite el fuero al presidente y que el presidente en funciones pueda ser juzgado por corrupci\u00f3n, delitos electorales y por cualquier delito como cualquier otro ciudadano.<\/p>\n\n\n\n<p>Este es un hecho hist\u00f3rico, es quitar un fuero que existe desde 1857, algo que qued\u00f3 establecido en la constituci\u00f3n de 1857 y se mantuvo en la de 1917 a\u00fan vigente. Ahora se decide quitar el fueron al presidente\u00bb, expres\u00f3.<\/p>\n\n\n\n<p>Ayer, la reforma fue aprobada con 420 votos a favor y 15 abstenciones, en la C\u00e1mara de Diputados. Tal como lo pidi\u00f3 el presidente al Congreso de la Uni\u00f3n, dicha reforma se convirti\u00f3 as\u00ed en la primera en ser discutida y aprobada durante el reci\u00e9n iniciado periodo ordinario de sesiones de San L\u00e1zaro.<\/p>\n\n\n\n<h4 class=\"wp-block-heading\">\u00bfPor cu\u00e1les delitos podr\u00eda ser juzgado un Presidente?<\/h4>\n\n\n\n<ol><li>Abuso o violencia sexual contra menores.<\/li><li>Delincuencia organizada.<\/li><li>Homicidio doloso.<\/li><li>Feminicidio<\/li><li>Violaci\u00f3n.<\/li><li>Secuestro.<\/li><li>Trata de personas.<\/li><li>Robo de casa habitaci\u00f3n.<\/li><li>Uso de programas sociales con fines electorales.<\/li><li>Corrupci\u00f3n, trat\u00e1ndose de los delitos de enriquecimiento il\u00edcito y ejercicio abusivo de funciones.<\/li><li>Robo al transporte de carga en cualquiera de sus modalidades.<\/li><li>Delitos en materia de hidrocarburos, petrol\u00edferos o petroqu\u00edmicos.<\/li><li>Delitos en materia de desaparici\u00f3n forzada de personas y desaparici\u00f3n cometida por particulares.<\/li><li>Delitos cometidos con medios violentos como armas y explosivos.<\/li><li>Delitos en materia de armas de fuego y explosivos de uso exclusivo del Ej\u00e9rcito, la Armada y la Fuerza A\u00e9rea.<\/li><li>Delitos graves que determine la ley en contra de la seguridad de la naci\u00f3n, el libre desarrollo de la personalidad, y de la salud.<\/li><\/ol>\n\n\n\n<p>Fuente: Milenio<\/p>\n","protected":false},"excerpt":{"rendered":"<p>El presidente\u00a0Andr\u00e9s Manuel L\u00f3pez Obrador\u00a0celebr\u00f3 que en la C\u00e1mara de Diputados se haya aprobado la\u00a0reforma constitucional para acotar el fuero presidencial, y establecer la posibilidad de imputarlo y juzgarlo no solo por traici\u00f3n a la patria y delitos graves, sino tambi\u00e9n por hechos de corrupci\u00f3n, delitos electorales y cualquier otro acto il\u00edcito.\u00a0 En\u00a0La Ma\u00f1anera de<a class=\"read-more\" href=\"https:\/\/globalnewsmexico.com\/sitio\/amlo-celebra-aprobacion-de-reforma-en-san-lazaro-para-eliminar-fuero-presidencial\/\">Leer m\u00e1s<\/a><\/p>\n","protected":false},"author":5,"featured_media":53220,"comment_status":"closed","ping_status":"open","sticky":false,"template":"","format":"standard","meta":{"spay_email":"","footnotes":""},"categories":[37,8,40,52],"tags":[],"jetpack_featured_media_url":"https:\/\/i0.wp.com\/globalnewsmexico.com\/sitio\/wp-content\/uploads\/2020\/09\/el-presidente-recordo-que-esta.jpg?fit=958%2C596&ssl=1","jetpack_sharing_enabled":true,"jetpack_shortlink":"https:\/\/wp.me\/p9yqPL-dQn","jetpack_likes_enabled":true,"_links":{"self":[{"href":"https:\/\/globalnewsmexico.com\/sitio\/wp-json\/wp\/v2\/posts\/53219"}],"collection":[{"href":"https:\/\/globalnewsmexico.com\/sitio\/wp-json\/wp\/v2\/posts"}],"about":[{"href":"https:\/\/globalnewsmexico.com\/sitio\/wp-json\/wp\/v2\/types\/post"}],"author":[{"embeddable":true,"href":"https:\/\/globalnewsmexico.com\/sitio\/wp-json\/wp\/v2\/users\/5"}],"replies":[{"embeddable":true,"href":"https:\/\/globalnewsmexico.com\/sitio\/wp-json\/wp\/v2\/comments?post=53219"}],"version-history":[{"count":0,"href":"https:\/\/globalnewsmexico.com\/sitio\/wp-json\/wp\/v2\/posts\/53219\/revisions"}],"wp:featuredmedia":[{"embeddable":true,"href":"https:\/\/globalnewsmexico.com\/sitio\/wp-json\/wp\/v2\/media\/53220"}],"wp:attachment":[{"href":"https:\/\/globalnewsmexico.com\/sitio\/wp-json\/wp\/v2\/media?parent=53219"}],"wp:term":[{"taxonomy":"category","embeddable":true,"href":"https:\/\/globalnewsmexico.com\/sitio\/wp-json\/wp\/v2\/categories?post=53219"},{"taxonomy":"post_tag","embeddable":true,"href":"https:\/\/globalnewsmexico.com\/sitio\/wp-json\/wp\/v2\/tags?post=53219"}],"curies":[{"name":"wp","href":"https:\/\/api.w.org\/{rel}","templated":true}]}}