{"id":53243,"date":"2020-09-03T13:39:16","date_gmt":"2020-09-03T18:39:16","guid":{"rendered":"http:\/\/globalnewsmexico.com\/sitio\/?p=53243"},"modified":"2020-09-03T13:39:46","modified_gmt":"2020-09-03T18:39:46","slug":"habitantes-de-coatzacoalcos-aprendieron-bastante-bien-el-combate-al-coronavirus-gobernador","status":"publish","type":"post","link":"https:\/\/globalnewsmexico.com\/sitio\/habitantes-de-coatzacoalcos-aprendieron-bastante-bien-el-combate-al-coronavirus-gobernador\/","title":{"rendered":"Habitantes de Coatzacoalcos aprendieron \u00abbastante bien\u00bb el combate al coronavirus: gobernador"},"content":{"rendered":"\n<p>El gobernador de Veracruz, Cuitl\u00e1huac Garc\u00eda Jim\u00e9nez, resalt\u00f3 que los habitantes de Coatzacoalcos aprendieron \u00abbastante bien\u00bb el combate al coronavirus, y prueba de ello es que ya se ubica en tercer lugar estatal, con mil 787 casos positivos y 393 defunciones, abajo de Xalapa.<\/p>\n\n\n\n<p>\u00abAprendi\u00f3 bastante, tuvieron su c\u00faspide, empezaron a descender, no se supo comprender y salieron todos a sus actividades, se volvi\u00f3 a disparar y ahora vuelve a descender , entonces ahora s\u00ed la gente entendi\u00f3 y tenemos que ir a la nueva normalidad, con una apertura paulatina\u00bb, dijo.<\/p>\n\n\n\n<p>En entrevista en el canal estatal, Garc\u00eda Jim\u00e9nez expuso que ahora el descenso se hizo consistente.<\/p>\n\n\n\n<p>En contraste, mencion\u00f3 que la poblaci\u00f3n de Poza Rica no lo entendi\u00f3, \u00abincluso hasta protestaron, y yo entiendo la desesperaci\u00f3n de algunos sectores econ\u00f3micos, pero tenemos que comprender que si ahorita no nos restringimos, entonces nunca vamos a parar\u00bb.<\/p>\n","protected":false},"excerpt":{"rendered":"<p>El gobernador de Veracruz, Cuitl\u00e1huac Garc\u00eda Jim\u00e9nez, resalt\u00f3 que los habitantes de Coatzacoalcos aprendieron \u00abbastante bien\u00bb el combate al coronavirus, y prueba de ello es que ya se ubica en tercer lugar estatal, con mil 787 casos positivos y 393 defunciones, abajo de Xalapa. \u00abAprendi\u00f3 bastante, tuvieron su c\u00faspide, empezaron a descender, no se supo<a class=\"read-more\" href=\"https:\/\/globalnewsmexico.com\/sitio\/habitantes-de-coatzacoalcos-aprendieron-bastante-bien-el-combate-al-coronavirus-gobernador\/\">Leer m\u00e1s<\/a><\/p>\n","protected":false},"author":5,"featured_media":53250,"comment_status":"closed","ping_status":"open","sticky":false,"template":"","format":"standard","meta":{"spay_email":"","footnotes":""},"categories":[37,8,50,52],"tags":[],"jetpack_featured_media_url":"https:\/\/i1.wp.com\/globalnewsmexico.com\/sitio\/wp-content\/uploads\/2020\/09\/93812525-d279-4177-993b-af8a6c85f5c2.jpg?fit=1040%2C693&ssl=1","jetpack_sharing_enabled":true,"jetpack_shortlink":"https:\/\/wp.me\/p9yqPL-dQL","jetpack_likes_enabled":true,"_links":{"self":[{"href":"https:\/\/globalnewsmexico.com\/sitio\/wp-json\/wp\/v2\/posts\/53243"}],"collection":[{"href":"https:\/\/globalnewsmexico.com\/sitio\/wp-json\/wp\/v2\/posts"}],"about":[{"href":"https:\/\/globalnewsmexico.com\/sitio\/wp-json\/wp\/v2\/types\/post"}],"author":[{"embeddable":true,"href":"https:\/\/globalnewsmexico.com\/sitio\/wp-json\/wp\/v2\/users\/5"}],"replies":[{"embeddable":true,"href":"https:\/\/globalnewsmexico.com\/sitio\/wp-json\/wp\/v2\/comments?post=53243"}],"version-history":[{"count":0,"href":"https:\/\/globalnewsmexico.com\/sitio\/wp-json\/wp\/v2\/posts\/53243\/revisions"}],"wp:featuredmedia":[{"embeddable":true,"href":"https:\/\/globalnewsmexico.com\/sitio\/wp-json\/wp\/v2\/media\/53250"}],"wp:attachment":[{"href":"https:\/\/globalnewsmexico.com\/sitio\/wp-json\/wp\/v2\/media?parent=53243"}],"wp:term":[{"taxonomy":"category","embeddable":true,"href":"https:\/\/globalnewsmexico.com\/sitio\/wp-json\/wp\/v2\/categories?post=53243"},{"taxonomy":"post_tag","embeddable":true,"href":"https:\/\/globalnewsmexico.com\/sitio\/wp-json\/wp\/v2\/tags?post=53243"}],"curies":[{"name":"wp","href":"https:\/\/api.w.org\/{rel}","templated":true}]}}