{"id":53246,"date":"2020-09-03T13:27:29","date_gmt":"2020-09-03T18:27:29","guid":{"rendered":"http:\/\/globalnewsmexico.com\/sitio\/?p=53246"},"modified":"2020-09-03T13:27:45","modified_gmt":"2020-09-03T18:27:45","slug":"exsecretaria-general-de-pf-se-ampara-contra-orden-de-aprehension","status":"publish","type":"post","link":"https:\/\/globalnewsmexico.com\/sitio\/exsecretaria-general-de-pf-se-ampara-contra-orden-de-aprehension\/","title":{"rendered":"Exsecretaria general de PF se ampara contra orden de aprehensi\u00f3n"},"content":{"rendered":"\n<p>La exsecretaria general de la\u00a0Polic\u00eda Federal,\u00a0Frida Mart\u00ednez Zamora, exmano derecha del exsecretario de Gobernaci\u00f3n,\u00a0Miguel \u00c1ngel Osorio Chong, interpuso un amparo contra la orden de aprehensi\u00f3n que hay en su contra por los delitos de\u00a0delincuencia organizada y operaciones con recursos de procedencia il\u00edcita, derivado de un presunto desv\u00edo de 2 mil 500 millones de pesos.<\/p>\n\n\n\n<p>En su demanda de garant\u00edas, la cual a\u00fan no ha sido admitida a tr\u00e1mite, se\u00f1al\u00f3 que agentes policiales la han estado buscando en domicilios del Estado de M\u00e9xico.<\/p>\n\n\n\n<p>\u00abAl acudir por motivos personales y profesionales al Estado de M\u00e9xico en distintas fechas, tuvimos conocimiento por familiares y amigos que en diversos inmuebles ubicados en el Segundo Circuito Judicial (Estado de M\u00e9xico), personas que se ostentaron como agentes policiales -sin especificar corporaci\u00f3n- han estado investigando entorno a los domicilios, horarios y actividades de las suscritas, so pretexto de lograr el cumplimiento de una orden de aprehensi\u00f3n\u201d, detalla su amparo.<\/p>\n\n\n\n<p>Alberto Rold\u00e1n Olvera, juez Quinto de Distrito en Materia de Amparo y Juicios Federales en el Estado de M\u00e9xico, requiri\u00f3 a la quejosa para que dentro del plazo de cinco d\u00edas, aclare en qu\u00e9 lugar puede tener ejecuci\u00f3n el acto reclamado, entendi\u00e9ndose por este cualquier sitio donde pueda localizarse a la persona contra la que se dirige la orden, por ejemplo, su propio domicilio. El juzgador dej\u00f3 claro que este requisito es indispensable para determinar la competencia del asunto.<\/p>\n\n\n\n<p>Lo anterior, porque \u201cno se tiene la certeza de si la orden reclamada podr\u00e1 ejecutarse en el territorio donde este juzgado ejerce competencia o en uno diverso; aunado a que de la anterior transcripci\u00f3n refieren que, acuden al Estado de M\u00e9xico de manera ocasional, sin mencionar a qu\u00e9 parte en espec\u00edfico de dicha entidad federativa, pues no debe perderse de vista que el Segundo Circuito de divide en tres circunscripciones distintas a saber: Toluca, Naucalpan y Nezahualc\u00f3yotl\u201d, mencion\u00f3 Rold\u00e1n Olvera.<\/p>\n\n\n\n<p>En agosto, un juez de control del Centro de Justicia Penal Federal adscrito al penal de m\u00e1xima seguridad del Altiplano,\u00a0orden\u00f3 la captura de Frida Mart\u00ednez y Jes\u00fas Orta Mart\u00ednez, tambi\u00e9n exsecretario general de la PF y exsecretario de Seguridad Ciudadad de la Ciudad de M\u00e9xico, adem\u00e1s de 17 personas m\u00e1s.<\/p>\n\n\n\n<h3 class=\"wp-block-heading\"><strong>\u00bfQui\u00e9n es Frida Mart\u00ednez Zamora?<\/strong><\/h3>\n\n\n\n<p>Desde hace 16 a\u00f1os, Frida Mart\u00ednez ha sido operadora del exsecretario Miguel \u00c1ngel Osorio Chong y ha ocupado puestos clave durante la trayectoria del pol\u00edtico hidalguense.<\/p>\n\n\n\n<p>Frida Mart\u00ednez fue secretaria general de la Polic\u00eda Federal, responsable de cuestiones administrativas, corporaci\u00f3n policiaca que en la pasada administraci\u00f3n depend\u00eda de la Secretar\u00eda de Gobernaci\u00f3n.<\/p>\n\n\n\n<p>Fue representante de Osorio Chong ante el Instituto Electoral cuando este fue candidato; cuando se convirti\u00f3 en gobernador de Hidalgo, as\u00ed como su directora general de Recursos Materiales y Adquisiciones en la Oficial\u00eda Mayor.\u00a0<\/p>\n\n\n\n<p>En el Cisen, con Osorio Chong en Segob, fue titular de la Unidad de Administraci\u00f3n, Finanzas y Desarrollo Humano.<\/p>\n\n\n\n<p>Fuente: Milenio<\/p>\n","protected":false},"excerpt":{"rendered":"<p>La exsecretaria general de la\u00a0Polic\u00eda Federal,\u00a0Frida Mart\u00ednez Zamora, exmano derecha del exsecretario de Gobernaci\u00f3n,\u00a0Miguel \u00c1ngel Osorio Chong, interpuso un amparo contra la orden de aprehensi\u00f3n que hay en su contra por los delitos de\u00a0delincuencia organizada y operaciones con recursos de procedencia il\u00edcita, derivado de un presunto desv\u00edo de 2 mil 500 millones de pesos. En<a class=\"read-more\" href=\"https:\/\/globalnewsmexico.com\/sitio\/exsecretaria-general-de-pf-se-ampara-contra-orden-de-aprehension\/\">Leer m\u00e1s<\/a><\/p>\n","protected":false},"author":5,"featured_media":53247,"comment_status":"closed","ping_status":"open","sticky":false,"template":"","format":"standard","meta":{"spay_email":"","footnotes":""},"categories":[37,8,49,52],"tags":[],"jetpack_featured_media_url":"https:\/\/i2.wp.com\/globalnewsmexico.com\/sitio\/wp-content\/uploads\/2020\/09\/frida-martinez-jesus-orta-orden_4_10_560_349.jpg?fit=958%2C596&ssl=1","jetpack_sharing_enabled":true,"jetpack_shortlink":"https:\/\/wp.me\/p9yqPL-dQO","jetpack_likes_enabled":true,"_links":{"self":[{"href":"https:\/\/globalnewsmexico.com\/sitio\/wp-json\/wp\/v2\/posts\/53246"}],"collection":[{"href":"https:\/\/globalnewsmexico.com\/sitio\/wp-json\/wp\/v2\/posts"}],"about":[{"href":"https:\/\/globalnewsmexico.com\/sitio\/wp-json\/wp\/v2\/types\/post"}],"author":[{"embeddable":true,"href":"https:\/\/globalnewsmexico.com\/sitio\/wp-json\/wp\/v2\/users\/5"}],"replies":[{"embeddable":true,"href":"https:\/\/globalnewsmexico.com\/sitio\/wp-json\/wp\/v2\/comments?post=53246"}],"version-history":[{"count":0,"href":"https:\/\/globalnewsmexico.com\/sitio\/wp-json\/wp\/v2\/posts\/53246\/revisions"}],"wp:featuredmedia":[{"embeddable":true,"href":"https:\/\/globalnewsmexico.com\/sitio\/wp-json\/wp\/v2\/media\/53247"}],"wp:attachment":[{"href":"https:\/\/globalnewsmexico.com\/sitio\/wp-json\/wp\/v2\/media?parent=53246"}],"wp:term":[{"taxonomy":"category","embeddable":true,"href":"https:\/\/globalnewsmexico.com\/sitio\/wp-json\/wp\/v2\/categories?post=53246"},{"taxonomy":"post_tag","embeddable":true,"href":"https:\/\/globalnewsmexico.com\/sitio\/wp-json\/wp\/v2\/tags?post=53246"}],"curies":[{"name":"wp","href":"https:\/\/api.w.org\/{rel}","templated":true}]}}