{"id":53309,"date":"2020-09-04T14:45:31","date_gmt":"2020-09-04T19:45:31","guid":{"rendered":"http:\/\/globalnewsmexico.com\/sitio\/?p=53309"},"modified":"2020-09-04T14:45:36","modified_gmt":"2020-09-04T19:45:36","slug":"serbia-y-kosovo-logran-acuerdo-para-normalizar-relaciones-anuncia-trump","status":"publish","type":"post","link":"https:\/\/globalnewsmexico.com\/sitio\/serbia-y-kosovo-logran-acuerdo-para-normalizar-relaciones-anuncia-trump\/","title":{"rendered":"Serbia y Kosovo logran acuerdo para normalizar relaciones, anuncia Trump"},"content":{"rendered":"\n<p>El presidente de Estados Unidos, Donald Trump, anunci\u00f3 que\u00a0Serbia y Kosovo alcanzaron un acuerdo para normalizar sus relaciones econ\u00f3micas\u00a0tras dos d\u00edas de conversaciones en la Casa Blanca.<\/p>\n\n\n\n<p>\u00abSerbia y Kosovo se comprometieron a favor de una normalizaci\u00f3n econ\u00f3mica\u00bb, declar\u00f3 Trump en el Despacho Oval, sin dar m\u00e1s precisiones sobre el alcance exacto del acuerdo.<\/p>\n\n\n\n<p>Sentado entre el\u00a0presidente serbio, Aleksandar Vucic, y el primer ministro kosovar, Avdullah Hoti, Trump indic\u00f3 que \u00abla econom\u00eda puede reunir a los pueblos (&#8230;) es verdaderamente hist\u00f3rico\u00bb.<\/p>\n\n\n\n<p>Serbia, que es apoyada por Rusia y China, se niega a reconocer la independencia proclamada por Kosovo\u00a0tras la guerra que dej\u00f3 13 mil muertos a finales de los a\u00f1os 1990. En contraste, Estados Unidos se cuenta entre los primeros pa\u00edses que reconocieron el nuevo Estado.<\/p>\n\n\n\n<p>\u00ab\u00a1Todos pensaron que ser\u00eda imposible! Enhorabuena (&#8230;) Este es un gran paso adelante para llevar prosperidad y paz a los Balcanes y al mundo. Estoy orgulloso de haber ayudado a estos l\u00edderes, destac\u00f3 Tump al comentar el acuerdo en Twitter.<\/p>\n\n\n\n<p>Fuente: Agencias<\/p>\n","protected":false},"excerpt":{"rendered":"<p>El presidente de Estados Unidos, Donald Trump, anunci\u00f3 que\u00a0Serbia y Kosovo alcanzaron un acuerdo para normalizar sus relaciones econ\u00f3micas\u00a0tras dos d\u00edas de conversaciones en la Casa Blanca. \u00abSerbia y Kosovo se comprometieron a favor de una normalizaci\u00f3n econ\u00f3mica\u00bb, declar\u00f3 Trump en el Despacho Oval, sin dar m\u00e1s precisiones sobre el alcance exacto del acuerdo. Sentado<a class=\"read-more\" href=\"https:\/\/globalnewsmexico.com\/sitio\/serbia-y-kosovo-logran-acuerdo-para-normalizar-relaciones-anuncia-trump\/\">Leer m\u00e1s<\/a><\/p>\n","protected":false},"author":5,"featured_media":53310,"comment_status":"closed","ping_status":"open","sticky":false,"template":"","format":"standard","meta":{"spay_email":"","footnotes":""},"categories":[37,8,48,52],"tags":[],"jetpack_featured_media_url":"https:\/\/i2.wp.com\/globalnewsmexico.com\/sitio\/wp-content\/uploads\/2020\/09\/trump-anuncio-serbia-kosovo-despacho_0_1_1200_745.jpg?fit=958%2C596&ssl=1","jetpack_sharing_enabled":true,"jetpack_shortlink":"https:\/\/wp.me\/p9yqPL-dRP","jetpack_likes_enabled":true,"_links":{"self":[{"href":"https:\/\/globalnewsmexico.com\/sitio\/wp-json\/wp\/v2\/posts\/53309"}],"collection":[{"href":"https:\/\/globalnewsmexico.com\/sitio\/wp-json\/wp\/v2\/posts"}],"about":[{"href":"https:\/\/globalnewsmexico.com\/sitio\/wp-json\/wp\/v2\/types\/post"}],"author":[{"embeddable":true,"href":"https:\/\/globalnewsmexico.com\/sitio\/wp-json\/wp\/v2\/users\/5"}],"replies":[{"embeddable":true,"href":"https:\/\/globalnewsmexico.com\/sitio\/wp-json\/wp\/v2\/comments?post=53309"}],"version-history":[{"count":0,"href":"https:\/\/globalnewsmexico.com\/sitio\/wp-json\/wp\/v2\/posts\/53309\/revisions"}],"wp:featuredmedia":[{"embeddable":true,"href":"https:\/\/globalnewsmexico.com\/sitio\/wp-json\/wp\/v2\/media\/53310"}],"wp:attachment":[{"href":"https:\/\/globalnewsmexico.com\/sitio\/wp-json\/wp\/v2\/media?parent=53309"}],"wp:term":[{"taxonomy":"category","embeddable":true,"href":"https:\/\/globalnewsmexico.com\/sitio\/wp-json\/wp\/v2\/categories?post=53309"},{"taxonomy":"post_tag","embeddable":true,"href":"https:\/\/globalnewsmexico.com\/sitio\/wp-json\/wp\/v2\/tags?post=53309"}],"curies":[{"name":"wp","href":"https:\/\/api.w.org\/{rel}","templated":true}]}}