{"id":53390,"date":"2020-09-07T10:07:21","date_gmt":"2020-09-07T15:07:21","guid":{"rendered":"http:\/\/globalnewsmexico.com\/sitio\/?p=53390"},"modified":"2020-09-07T10:07:33","modified_gmt":"2020-09-07T15:07:33","slug":"arranca-proceso-electoral-2020-2021","status":"publish","type":"post","link":"https:\/\/globalnewsmexico.com\/sitio\/arranca-proceso-electoral-2020-2021\/","title":{"rendered":"Arranca proceso electoral 2020-2021"},"content":{"rendered":"\n<p>En medio de la pandemia, hoy arranc\u00f3 el proceso electoral 2020-2021, que de acuerdo con el consejero presidente del Instituto Nacional Electoral (INE), Lorenzo C\u00f3rdova, \u00abser\u00e1 el m\u00e1s grande y complejo de nuestra historia\u00bb.<\/p>\n\n\n\n<p>El Consejo General del INE tomar\u00e1 protesta hoy a los vocales ejecutivos de las 32 juntas estatales, como presidentes de los consejos locales para el proceso federal y los 32 locales, a fin de renovar m\u00e1s de 21 mil cargos de elecci\u00f3n popular.<\/p>\n\n\n\n<p>A partir de hoy, ser\u00e1n convocados cerca de 95 millones de electores registrados en la lista nominal, en tanto que m\u00e1s de 12 millones de ciudadanos ser\u00e1n convocados para conformar un mill\u00f3n 480 mil funcionarios de casillas.<\/p>\n\n\n\n<p>Fuente: Milenio<\/p>\n","protected":false},"excerpt":{"rendered":"<p>En medio de la pandemia, hoy arranc\u00f3 el proceso electoral 2020-2021, que de acuerdo con el consejero presidente del Instituto Nacional Electoral (INE), Lorenzo C\u00f3rdova, \u00abser\u00e1 el m\u00e1s grande y complejo de nuestra historia\u00bb. El Consejo General del INE tomar\u00e1 protesta hoy a los vocales ejecutivos de las 32 juntas estatales, como presidentes de los<a class=\"read-more\" href=\"https:\/\/globalnewsmexico.com\/sitio\/arranca-proceso-electoral-2020-2021\/\">Leer m\u00e1s<\/a><\/p>\n","protected":false},"author":5,"featured_media":53391,"comment_status":"closed","ping_status":"open","sticky":false,"template":"","format":"standard","meta":{"spay_email":"","footnotes":""},"categories":[37,8,39,52],"tags":[],"jetpack_featured_media_url":"https:\/\/i2.wp.com\/globalnewsmexico.com\/sitio\/wp-content\/uploads\/2020\/09\/1119980.jpg?fit=1024%2C666&ssl=1","jetpack_sharing_enabled":true,"jetpack_shortlink":"https:\/\/wp.me\/p9yqPL-dT8","jetpack_likes_enabled":true,"_links":{"self":[{"href":"https:\/\/globalnewsmexico.com\/sitio\/wp-json\/wp\/v2\/posts\/53390"}],"collection":[{"href":"https:\/\/globalnewsmexico.com\/sitio\/wp-json\/wp\/v2\/posts"}],"about":[{"href":"https:\/\/globalnewsmexico.com\/sitio\/wp-json\/wp\/v2\/types\/post"}],"author":[{"embeddable":true,"href":"https:\/\/globalnewsmexico.com\/sitio\/wp-json\/wp\/v2\/users\/5"}],"replies":[{"embeddable":true,"href":"https:\/\/globalnewsmexico.com\/sitio\/wp-json\/wp\/v2\/comments?post=53390"}],"version-history":[{"count":0,"href":"https:\/\/globalnewsmexico.com\/sitio\/wp-json\/wp\/v2\/posts\/53390\/revisions"}],"wp:featuredmedia":[{"embeddable":true,"href":"https:\/\/globalnewsmexico.com\/sitio\/wp-json\/wp\/v2\/media\/53391"}],"wp:attachment":[{"href":"https:\/\/globalnewsmexico.com\/sitio\/wp-json\/wp\/v2\/media?parent=53390"}],"wp:term":[{"taxonomy":"category","embeddable":true,"href":"https:\/\/globalnewsmexico.com\/sitio\/wp-json\/wp\/v2\/categories?post=53390"},{"taxonomy":"post_tag","embeddable":true,"href":"https:\/\/globalnewsmexico.com\/sitio\/wp-json\/wp\/v2\/tags?post=53390"}],"curies":[{"name":"wp","href":"https:\/\/api.w.org\/{rel}","templated":true}]}}