{"id":53443,"date":"2020-09-08T09:40:19","date_gmt":"2020-09-08T14:40:19","guid":{"rendered":"http:\/\/globalnewsmexico.com\/sitio\/?p=53443"},"modified":"2020-09-08T09:40:31","modified_gmt":"2020-09-08T14:40:31","slug":"estamos-en-una-situacion-mejor-no-hemos-tenido-rebrotes-de-covid-19-amlo","status":"publish","type":"post","link":"https:\/\/globalnewsmexico.com\/sitio\/estamos-en-una-situacion-mejor-no-hemos-tenido-rebrotes-de-covid-19-amlo\/","title":{"rendered":"Estamos en una situaci\u00f3n mejor, no hemos tenido rebrotes de Covid-19: AMLO"},"content":{"rendered":"\n<p>El presidente Andr\u00e9s Manuel L\u00f3pez Obrador asegur\u00f3 que M\u00e9xico se encuentra en una situaci\u00f3n mejor en el tema de la pandemia por Covid-19, pues ha bajado el n\u00famero de contagios.<\/p>\n\n\n\n<p>Durante su conferencia de prensa ma\u00f1anera, L\u00f3pez Obrador dijo:<\/p>\n\n\n\n<p>\u00abEn general, podemos decir que afortunadamente ha ido bajando el n\u00famero de contagios y, lo que es importante, el n\u00famero de fallecimientos.<\/p>\n\n\n\n<p>Estamos en una situaci\u00f3n mejor. A pesar de la tremenda tragedia que ha significado esta pandemia, vamos bajando, No hemos teniendo rebrotes\u201d.<\/p>\n\n\n\n<p>En este sentido, el mandatario federal coment\u00f3 que \u00aba pesar del dolor que nos ha dejado, vamos logrando domar esta pandemia y salvando vidas; espero que muy pronto pase ya esta pesadilla y regresemos a la\u00a0nueva normalidad\u201c.<\/p>\n\n\n\n<p>Fuente: Xeu Noticias<\/p>\n","protected":false},"excerpt":{"rendered":"<p>El presidente Andr\u00e9s Manuel L\u00f3pez Obrador asegur\u00f3 que M\u00e9xico se encuentra en una situaci\u00f3n mejor en el tema de la pandemia por Covid-19, pues ha bajado el n\u00famero de contagios. Durante su conferencia de prensa ma\u00f1anera, L\u00f3pez Obrador dijo: \u00abEn general, podemos decir que afortunadamente ha ido bajando el n\u00famero de contagios y, lo que<a class=\"read-more\" href=\"https:\/\/globalnewsmexico.com\/sitio\/estamos-en-una-situacion-mejor-no-hemos-tenido-rebrotes-de-covid-19-amlo\/\">Leer m\u00e1s<\/a><\/p>\n","protected":false},"author":5,"featured_media":53444,"comment_status":"closed","ping_status":"open","sticky":false,"template":"","format":"standard","meta":{"spay_email":"","footnotes":""},"categories":[37,8,40,52],"tags":[],"jetpack_featured_media_url":"https:\/\/i0.wp.com\/globalnewsmexico.com\/sitio\/wp-content\/uploads\/2020\/09\/1120152.jpg?fit=1024%2C606&ssl=1","jetpack_sharing_enabled":true,"jetpack_shortlink":"https:\/\/wp.me\/p9yqPL-dTZ","jetpack_likes_enabled":true,"_links":{"self":[{"href":"https:\/\/globalnewsmexico.com\/sitio\/wp-json\/wp\/v2\/posts\/53443"}],"collection":[{"href":"https:\/\/globalnewsmexico.com\/sitio\/wp-json\/wp\/v2\/posts"}],"about":[{"href":"https:\/\/globalnewsmexico.com\/sitio\/wp-json\/wp\/v2\/types\/post"}],"author":[{"embeddable":true,"href":"https:\/\/globalnewsmexico.com\/sitio\/wp-json\/wp\/v2\/users\/5"}],"replies":[{"embeddable":true,"href":"https:\/\/globalnewsmexico.com\/sitio\/wp-json\/wp\/v2\/comments?post=53443"}],"version-history":[{"count":0,"href":"https:\/\/globalnewsmexico.com\/sitio\/wp-json\/wp\/v2\/posts\/53443\/revisions"}],"wp:featuredmedia":[{"embeddable":true,"href":"https:\/\/globalnewsmexico.com\/sitio\/wp-json\/wp\/v2\/media\/53444"}],"wp:attachment":[{"href":"https:\/\/globalnewsmexico.com\/sitio\/wp-json\/wp\/v2\/media?parent=53443"}],"wp:term":[{"taxonomy":"category","embeddable":true,"href":"https:\/\/globalnewsmexico.com\/sitio\/wp-json\/wp\/v2\/categories?post=53443"},{"taxonomy":"post_tag","embeddable":true,"href":"https:\/\/globalnewsmexico.com\/sitio\/wp-json\/wp\/v2\/tags?post=53443"}],"curies":[{"name":"wp","href":"https:\/\/api.w.org\/{rel}","templated":true}]}}