{"id":53449,"date":"2020-09-08T10:30:40","date_gmt":"2020-09-08T15:30:40","guid":{"rendered":"http:\/\/globalnewsmexico.com\/sitio\/?p=53449"},"modified":"2020-09-08T10:30:46","modified_gmt":"2020-09-08T15:30:46","slug":"giran-orden-de-aprehension-contra-exsecretario-de-seguridad-de-cdmx","status":"publish","type":"post","link":"https:\/\/globalnewsmexico.com\/sitio\/giran-orden-de-aprehension-contra-exsecretario-de-seguridad-de-cdmx\/","title":{"rendered":"Giran orden de aprehensi\u00f3n contra exsecretario de Seguridad de CDMX"},"content":{"rendered":"\n<p>Un juez gir\u00f3 una nueva orden de aprehensi\u00f3n en contra de Raymundo Collins, exsecretario de Seguridad P\u00fablica y extitular del Instituto de Vivienda (Invi) de la Ciudad de M\u00e9xico, por el\u00a0delito de uso ilegal de atribuciones y facultades.<\/p>\n\n\n\n<p>Seg\u00fan informes judiciales, de ser encontrado culpable, Collins podr\u00eda ser sancionado con una pena de entre tres meses y dos a\u00f1os de c\u00e1rcel, adem\u00e1s de una multa de 500 a mil d\u00edas.<\/p>\n\n\n\n<p>Un juez de Control de la Unidad de Gesti\u00f3n Judicial N\u00famero 12 de la Ciudad de M\u00e9xico orden\u00f3 la detenci\u00f3n de Collins -y esta se notific\u00f3 en un informe que dio en los \u00faltimos d\u00edas de agosto-, en contexto de un amparo que la defensa del exdirector del Invi promovi\u00f3.<\/p>\n\n\n\n<p>La acusaci\u00f3n contra el exfuncionario consiste en la supuesta compra indebida de un inmueble para el Invi.<\/p>\n\n\n\n<p>Se sabe que la orden fue emitida tres d\u00edas despu\u00e9s de que Raymundo Collins diera los datos de su domicilio \u2014donde pod\u00eda recibir las notificaciones de este proceso\u2014 a la Fiscal\u00eda General de Justicia capitalina.<\/p>\n\n\n\n<p>Aunque la orden de aprehensi\u00f3n se libr\u00f3 el pasado 21 de marzo por parte un juez de la Ciudad de M\u00e9xico, se conoci\u00f3 por un informe que rindi\u00f3 un juez del fuero com\u00fan a finales del mes pasado.<\/p>\n\n\n\n<p>La orden de aprehensi\u00f3n contra Raymundo Collins\u00a0forma parte de las investigaciones de la Fiscal\u00eda de la Ciudad de M\u00e9xico contra exfuncionarios de la administraci\u00f3n de Miguel \u00c1ngel Mancera.<\/p>\n\n\n\n<p>La Fiscal\u00eda capitalina abri\u00f3 una carpeta judicial contra Collins, as\u00ed como otros exfuncionarios, presuntamente implicados en irregularidades durante su gesti\u00f3n en el Invi que causaron agravio al Servicio P\u00fablico de la Ciudad de M\u00e9xico y de la sociedad.<\/p>\n\n\n\n<p>Esta es la segunda ocasi\u00f3n en que las autoridades capitalinas intentan detener a Collins.<\/p>\n\n\n\n<p>En diciembre pasado se le imput\u00f3 una querella similar; sin embargo, luego de considerar que el delito ya hab\u00eda prescrito, el juez orden\u00f3 cancelar dicho mandato.<\/p>\n\n\n\n<p>En diciembre pasado, Raymundo Collins fue acusado \u2014por primera vez\u2014 del delito de uso ilegal de atribuciones y facultades,\u00a0por la compra de un predio ubicado en la alcald\u00eda \u00c1lvaro Obreg\u00f3n por 75 millones de pesos. Sin embargo,\u00a0 un juez de Control la cancel\u00f3 porque el delito prescribi\u00f3 en diciembre de 2019.<\/p>\n\n\n\n<p>Raymundo Collins fue uno de los funcionarios m\u00e1s importantes en el gobierno de Miguel \u00c1ngel Mancera en la Ciudad de M\u00e9xico. Fue director del Instituto de Vivienda de la Ciudad de M\u00e9xico desde diciembre de 2012 hasta agosto de 2018, cuando fue designado secretario de Seguridad P\u00fablica capitalino, cargo que ocup\u00f3 por los \u00faltimos cuatro meses de la gesti\u00f3n mancerista.<\/p>\n\n\n\n<p>Fuente: Infobae<\/p>\n","protected":false},"excerpt":{"rendered":"<p>Un juez gir\u00f3 una nueva orden de aprehensi\u00f3n en contra de Raymundo Collins, exsecretario de Seguridad P\u00fablica y extitular del Instituto de Vivienda (Invi) de la Ciudad de M\u00e9xico, por el\u00a0delito de uso ilegal de atribuciones y facultades. Seg\u00fan informes judiciales, de ser encontrado culpable, Collins podr\u00eda ser sancionado con una pena de entre tres<a class=\"read-more\" href=\"https:\/\/globalnewsmexico.com\/sitio\/giran-orden-de-aprehension-contra-exsecretario-de-seguridad-de-cdmx\/\">Leer m\u00e1s<\/a><\/p>\n","protected":false},"author":5,"featured_media":53450,"comment_status":"closed","ping_status":"open","sticky":false,"template":"","format":"standard","meta":{"spay_email":"","footnotes":""},"categories":[37,8,49,52],"tags":[],"jetpack_featured_media_url":"https:\/\/i2.wp.com\/globalnewsmexico.com\/sitio\/wp-content\/uploads\/2020\/09\/1120150.jpg?fit=1024%2C683&ssl=1","jetpack_sharing_enabled":true,"jetpack_shortlink":"https:\/\/wp.me\/p9yqPL-dU5","jetpack_likes_enabled":true,"_links":{"self":[{"href":"https:\/\/globalnewsmexico.com\/sitio\/wp-json\/wp\/v2\/posts\/53449"}],"collection":[{"href":"https:\/\/globalnewsmexico.com\/sitio\/wp-json\/wp\/v2\/posts"}],"about":[{"href":"https:\/\/globalnewsmexico.com\/sitio\/wp-json\/wp\/v2\/types\/post"}],"author":[{"embeddable":true,"href":"https:\/\/globalnewsmexico.com\/sitio\/wp-json\/wp\/v2\/users\/5"}],"replies":[{"embeddable":true,"href":"https:\/\/globalnewsmexico.com\/sitio\/wp-json\/wp\/v2\/comments?post=53449"}],"version-history":[{"count":0,"href":"https:\/\/globalnewsmexico.com\/sitio\/wp-json\/wp\/v2\/posts\/53449\/revisions"}],"wp:featuredmedia":[{"embeddable":true,"href":"https:\/\/globalnewsmexico.com\/sitio\/wp-json\/wp\/v2\/media\/53450"}],"wp:attachment":[{"href":"https:\/\/globalnewsmexico.com\/sitio\/wp-json\/wp\/v2\/media?parent=53449"}],"wp:term":[{"taxonomy":"category","embeddable":true,"href":"https:\/\/globalnewsmexico.com\/sitio\/wp-json\/wp\/v2\/categories?post=53449"},{"taxonomy":"post_tag","embeddable":true,"href":"https:\/\/globalnewsmexico.com\/sitio\/wp-json\/wp\/v2\/tags?post=53449"}],"curies":[{"name":"wp","href":"https:\/\/api.w.org\/{rel}","templated":true}]}}