{"id":53478,"date":"2020-09-08T12:54:15","date_gmt":"2020-09-08T17:54:15","guid":{"rendered":"http:\/\/globalnewsmexico.com\/sitio\/?p=53478"},"modified":"2020-09-08T12:54:27","modified_gmt":"2020-09-08T17:54:27","slug":"juez-rechaza-suspender-orden-de-captura-contra-javier-duarte-por-desaparicion-forzada","status":"publish","type":"post","link":"https:\/\/globalnewsmexico.com\/sitio\/juez-rechaza-suspender-orden-de-captura-contra-javier-duarte-por-desaparicion-forzada\/","title":{"rendered":"Juez rechaza suspender orden de captura contra Javier Duarte por desaparici\u00f3n forzada"},"content":{"rendered":"\n<p>Un juez federal rechaz\u00f3 suspender la orden de aprehensi\u00f3n librada contra Javier Duarte, exgobernador de Veracruz, por el delito de desaparici\u00f3n forzada en agravio de David Lara Cruz.<\/p>\n\n\n\n<p>Juan Mateo de Brieba Castro, juez Sexto de Distrito de Amparo en Materia Penal en la Ciudad de M\u00e9xico, determin\u00f3 negar la suspensi\u00f3n definitiva solicitada por el exfuncionario.<\/p>\n\n\n\n<p>\u201cSe niega la suspensi\u00f3n definitiva solicitada por Javier Duarte de Ochoa, por los motivos y respecto de las autoridades precisadas en el razonamiento tercero de esta resoluci\u00f3n\u201d, detalla el acuerdo publicado por el juzgador.<\/p>\n\n\n\n<p>La orden de aprehensi\u00f3n fue librada por la jueza de Control del Juzgado de Proceso y Procedimiento Penal Oral del Distrito Judicial de Xalapa, Alma Leyda Sosa Jim\u00e9nez, dentro de la causa penal 103\/2018.<\/p>\n\n\n\n<p>El juez Brieba de Castro a\u00fan est\u00e1 a la espera de que jueces de Control de Procedimiento Penal Oral y Enjuiciamiento en el estado de Veracruz con residencia en C\u00f3rdoba, Huatusco, Jalacingo, P\u00e1nuco y Tantoyuca, rindan sus informes para conocer si existe alguna otra orden contra el exmandatario estatal.<\/p>\n\n\n\n<p>Hace unos d\u00edas, el juzgador orden\u00f3 a las autoridades veracruzanas que le notifiquen si hay personas que tengan derecho a la reparaci\u00f3n del da\u00f1o por la desaparici\u00f3n forzada de David Lara Cruz.<\/p>\n\n\n\n<p>En abril, Javier Duarte promovi\u00f3 un amparo contra cualquier orden de aprehensi\u00f3n que se buscara ejecutar en su contra.<\/p>\n\n\n\n<p>En junio de 2019, el juez D\u00e9cimo Primero de Distrito de Amparo en Materia Penal en la Ciudad de M\u00e9xico, Jorge Antonio Medina Gaona, rechaz\u00f3 otorgar un amparo a Javier Duarte contra la orden de captura.<\/p>\n\n\n\n<p>Duarte aleg\u00f3 que la orden de aprehensi\u00f3n \u201cno satisface los requisitos para su emisi\u00f3n, toda vez que, de la totalidad de datos de prueba, solo en uno de ellos se hace menci\u00f3n de este y de los restantes el Ministerio P\u00fablico fue omiso en emitir razonamientos que los entrelacen\u201d.<\/p>\n\n\n\n<p>Asimismo, que la declaraci\u00f3n del testigo (el entonces secretario de Seguridad P\u00fablica del estado de Veracruz), es insuficiente para dictar la orden de captura, \u201ctoda vez que se trata de un testigo singular y no se trata de testimonio \u00fanico, pues conforme a lo declarado por \u00e9ste, el supuesto hecho fue presenciado por m\u00e1s de un sujeto\u201d.<\/p>\n\n\n\n<p>En el expediente se menciona que \u201cel gobernador exclam\u00f3 exaltado que no se pod\u00eda filtrar dicha informaci\u00f3n (de desapariciones); porque se armar\u00eda un pedote, que ya tra\u00edan encima el tema de Tierra Blanca con el que le estaban dando una madriza en medios nacionales, que no se pod\u00eda dar el lujo de un hallazgo masivo de cuerpos porque le iban a partir la madre\u201d, motivo por el cual supuestamente orden\u00f3 entorpecer las investigaciones.<\/p>\n\n\n\n<p>Fuente: Milenio<\/p>\n","protected":false},"excerpt":{"rendered":"<p>Un juez federal rechaz\u00f3 suspender la orden de aprehensi\u00f3n librada contra Javier Duarte, exgobernador de Veracruz, por el delito de desaparici\u00f3n forzada en agravio de David Lara Cruz. Juan Mateo de Brieba Castro, juez Sexto de Distrito de Amparo en Materia Penal en la Ciudad de M\u00e9xico, determin\u00f3 negar la suspensi\u00f3n definitiva solicitada por el<a class=\"read-more\" href=\"https:\/\/globalnewsmexico.com\/sitio\/juez-rechaza-suspender-orden-de-captura-contra-javier-duarte-por-desaparicion-forzada\/\">Leer m\u00e1s<\/a><\/p>\n","protected":false},"author":5,"featured_media":53479,"comment_status":"closed","ping_status":"open","sticky":false,"template":"","format":"standard","meta":{"spay_email":"","footnotes":""},"categories":[37,8,39,52],"tags":[],"jetpack_featured_media_url":"https:\/\/i2.wp.com\/globalnewsmexico.com\/sitio\/wp-content\/uploads\/2020\/09\/1120187.jpg?fit=1024%2C682&ssl=1","jetpack_sharing_enabled":true,"jetpack_shortlink":"https:\/\/wp.me\/p9yqPL-dUy","jetpack_likes_enabled":true,"_links":{"self":[{"href":"https:\/\/globalnewsmexico.com\/sitio\/wp-json\/wp\/v2\/posts\/53478"}],"collection":[{"href":"https:\/\/globalnewsmexico.com\/sitio\/wp-json\/wp\/v2\/posts"}],"about":[{"href":"https:\/\/globalnewsmexico.com\/sitio\/wp-json\/wp\/v2\/types\/post"}],"author":[{"embeddable":true,"href":"https:\/\/globalnewsmexico.com\/sitio\/wp-json\/wp\/v2\/users\/5"}],"replies":[{"embeddable":true,"href":"https:\/\/globalnewsmexico.com\/sitio\/wp-json\/wp\/v2\/comments?post=53478"}],"version-history":[{"count":0,"href":"https:\/\/globalnewsmexico.com\/sitio\/wp-json\/wp\/v2\/posts\/53478\/revisions"}],"wp:featuredmedia":[{"embeddable":true,"href":"https:\/\/globalnewsmexico.com\/sitio\/wp-json\/wp\/v2\/media\/53479"}],"wp:attachment":[{"href":"https:\/\/globalnewsmexico.com\/sitio\/wp-json\/wp\/v2\/media?parent=53478"}],"wp:term":[{"taxonomy":"category","embeddable":true,"href":"https:\/\/globalnewsmexico.com\/sitio\/wp-json\/wp\/v2\/categories?post=53478"},{"taxonomy":"post_tag","embeddable":true,"href":"https:\/\/globalnewsmexico.com\/sitio\/wp-json\/wp\/v2\/tags?post=53478"}],"curies":[{"name":"wp","href":"https:\/\/api.w.org\/{rel}","templated":true}]}}